{"id":36537,"date":"2021-11-19T08:39:05","date_gmt":"2021-11-19T11:39:05","guid":{"rendered":"http:\/\/www.sincomam.org.br\/?p=36537"},"modified":"2021-11-19T08:39:05","modified_gmt":"2021-11-19T11:39:05","slug":"aneel-conduz-debates-em-assembleia-geral-da-associacao-internacional-de-reguladores-de-energia-dos-paises-de-lingua-portuguesa-oficial","status":"publish","type":"post","link":"https:\/\/www.sincomam.org.br\/index.php\/aneel-conduz-debates-em-assembleia-geral-da-associacao-internacional-de-reguladores-de-energia-dos-paises-de-lingua-portuguesa-oficial\/","title":{"rendered":"Aneel conduz debates em Assembleia Geral da Associa\u00e7\u00e3o Internacional de Reguladores de Energia dos Pa\u00edses de L\u00edngua Portuguesa Oficial"},"content":{"rendered":"<p>O presidente da Associa\u00e7\u00e3o Internacional de Reguladores de Energia dos Pa\u00edses de L\u00edngua Portuguesa Oficial (Relop) e diretor da Aneel, Efrain Cruz, participou, nesta quinta-feira (18), da XIV Assembleia Geral da Relop.<\/p>\n<p>O evento virtual contou com representantes das ag\u00eancias reguladoras de energia dos seis pa\u00edses que comp\u00f5em a Relop \u2013 Brasil (Aneel e ANP), Portugal (ERSE e ENSE), Angola (ANPG, IRDP e IRSEA), Cabo Verde (ARME), Mo\u00e7ambique (ARENE e INP) e S\u00e3o Tome e Pr\u00edncipe (AGER e ANP).<\/p>\n<p>O Diretor da Aneel, Efrain Cruz destacou a import\u00e2ncia do di\u00e1logo entre as Ag\u00eancias Reguladoras. \u201c\u00c9 uma oportunidade extraordin\u00e1ria para compartilharmos experi\u00eancias e testemunhar o cen\u00e1rio evolutivo da Relop. Todos juntos podemos fomentar transforma\u00e7\u00f5es inovadoras no campo da regula\u00e7\u00e3o energ\u00e9tica por meio da aproxima\u00e7\u00e3o das realidades da Europa, \u00c1frica e Am\u00e9rica Latina\u201d, pontuou Efrain.<\/p>\n<p>Durante a reuni\u00e3o, foi apresentado um resumo das principais atividades desenvolvidas em 2021. As Ag\u00eancias debateram a organiza\u00e7\u00e3o da Confer\u00eancia e Assembleia Geral, que ocorrer\u00e1 em mar\u00e7o de 2022, e iniciaram os preparativos do novo Plano Estrat\u00e9gico Relop 2022-2025. Al\u00e9m disso, o Plano de Atividades e Or\u00e7amento para 2022 foi aprovado durante a Assembleia.<\/p>\n<p><strong>Sobre a Relop<br \/>\n<\/strong>A Relop \u00e9 uma associa\u00e7\u00e3o internacional que promove a coopera\u00e7\u00e3o entre entidades de regula\u00e7\u00e3o no setor energ\u00e9tico nos pa\u00edses de l\u00edngua oficial portuguesa, nos segmentos da eletricidade, g\u00e1s natural, petr\u00f3leo e seus derivados e biocombust\u00edvel. O diretor da Aneel, Efrain Cruz \u00e9 presidente da Relop desde 2020, com gest\u00e3o focada na capacita\u00e7\u00e3o dos reguladores e na an\u00e1lise de benchmarking de regula\u00e7\u00e3o, com vistas as incorporar as melhores pr\u00e1ticas internacionais no campo regulat\u00f3rio.<\/p>\n<p>Fonte: Aneel<\/p>\n<p>&nbsp;<\/p>\n","protected":false},"excerpt":{"rendered":"<p>O presidente da Associa\u00e7\u00e3o Internacional de Reguladores de Energia dos Pa\u00edses de L\u00edngua Portuguesa Oficial (Relop) e diretor da Aneel, Efrain Cruz, participou, nesta quinta-feira&#8230;<\/p>\n","protected":false},"author":1527,"featured_media":4649,"comment_status":"closed","ping_status":"closed","sticky":false,"template":"","format":"standard","meta":{"footnotes":""},"categories":[6],"tags":[],"class_list":["post-36537","post","type-post","status-publish","format-standard","has-post-thumbnail","hentry","category-noticias"],"_links":{"self":[{"href":"https:\/\/www.sincomam.org.br\/index.php\/wp-json\/wp\/v2\/posts\/36537","targetHints":{"allow":["GET"]}}],"collection":[{"href":"https:\/\/www.sincomam.org.br\/index.php\/wp-json\/wp\/v2\/posts"}],"about":[{"href":"https:\/\/www.sincomam.org.br\/index.php\/wp-json\/wp\/v2\/types\/post"}],"author":[{"embeddable":true,"href":"https:\/\/www.sincomam.org.br\/index.php\/wp-json\/wp\/v2\/users\/1527"}],"replies":[{"embeddable":true,"href":"https:\/\/www.sincomam.org.br\/index.php\/wp-json\/wp\/v2\/comments?post=36537"}],"version-history":[{"count":1,"href":"https:\/\/www.sincomam.org.br\/index.php\/wp-json\/wp\/v2\/posts\/36537\/revisions"}],"predecessor-version":[{"id":36538,"href":"https:\/\/www.sincomam.org.br\/index.php\/wp-json\/wp\/v2\/posts\/36537\/revisions\/36538"}],"wp:featuredmedia":[{"embeddable":true,"href":"https:\/\/www.sincomam.org.br\/index.php\/wp-json\/wp\/v2\/media\/4649"}],"wp:attachment":[{"href":"https:\/\/www.sincomam.org.br\/index.php\/wp-json\/wp\/v2\/media?parent=36537"}],"wp:term":[{"taxonomy":"category","embeddable":true,"href":"https:\/\/www.sincomam.org.br\/index.php\/wp-json\/wp\/v2\/categories?post=36537"},{"taxonomy":"post_tag","embeddable":true,"href":"https:\/\/www.sincomam.org.br\/index.php\/wp-json\/wp\/v2\/tags?post=36537"}],"curies":[{"name":"wp","href":"https:\/\/api.w.org\/{rel}","templated":true}]}}