{"id":36535,"date":"2021-11-18T09:48:03","date_gmt":"2021-11-18T12:48:03","guid":{"rendered":"http:\/\/www.sincomam.org.br\/?p=36535"},"modified":"2021-11-18T09:48:03","modified_gmt":"2021-11-18T12:48:03","slug":"subsidio-a-combustivel-fossil-e-ineficaz-diz-ex-chefe-do-programa-das-nacoes-unidas-para-o-meio-ambiente-pnuma","status":"publish","type":"post","link":"https:\/\/www.sincomam.org.br\/index.php\/subsidio-a-combustivel-fossil-e-ineficaz-diz-ex-chefe-do-programa-das-nacoes-unidas-para-o-meio-ambiente-pnuma\/","title":{"rendered":"\u201cSubs\u00eddio a combust\u00edvel f\u00f3ssil \u00e9 ineficaz\u201d, diz ex-chefe do Programa das Na\u00e7\u00f5es Unidas para o Meio Ambiente (Pnuma)"},"content":{"rendered":"<p>\u201cAgir na mudan\u00e7a do clima \u00e9 agir em desenvolvimento sustent\u00e1vel. N\u00e3o \u00e9 separado de agir em energia, desigualdade ou redu\u00e7\u00e3o da pobreza\u201d resume o alem\u00e3o Achim Steiner, \u00e0 frente do Programa das Na\u00e7\u00f5es Unidas para o Desenvolvimento desde 2017. O Pnud tem or\u00e7amento de US$ 7 bilh\u00f5es, atua em 170 pa\u00edses e assina o e assina um v\u00eddeo clim\u00e1tico que se tornou sucesso instant\u00e2neo &#8211; o que apresenta Frankie, um dinossauro que entra na Assembleia-Geral da ONU e diz aos humanos: \u201cN\u00e3o escolham a extin\u00e7\u00e3o\u201d. \u201cSe o mundo n\u00e3o ajudar a \u00c1frica &#8211; onde viver\u00e3o duas bilh\u00f5es de pessoas em 2050 &#8211; a ter mais infraestrutura limpa e energia renov\u00e1vel, todo o resto ser\u00e1 irrelevante\u201d, alerta Steiner.<\/p>\n<p>Steiner, que chefiou o Programa das Na\u00e7\u00f5es Unidas para o Meio Ambiente (Pnuma) por dez anos, diz que o mundo perdeu muito tempo para enfrentar a crise clim\u00e1tica, que o Acordo de Paris \u00e9 vi\u00e1vel, que os jovens cobram os pais sobre a quest\u00e3o em cada fam\u00edlia e que os compromissos clim\u00e1ticos dos pa\u00edses (as NDCs) conectam economia ao clima. \u201cEstamos no limiar de uma revolu\u00e7\u00e3o na maneira como conduzimos nossas economias\u201d, disse ao Valor em entrevista virtual desde seu escrit\u00f3rio em Nova York, nos \u00faltimos minutos da COP26. A seguir alguns trechos:<\/p>\n<p><strong>A COP na pandemia<br \/>\n<\/strong>Estamos no meio de uma pandemia, foram necess\u00e1rios esfor\u00e7os extraordin\u00e1rios para esta COP acontecer. Trazer o mundo todo para Glasgow, e ter mais de 100 l\u00edderes na C\u00fapula, \u00e9 um reflexo de como a mudan\u00e7a do clima se tornou um t\u00f3pico central e essencial. Em segundo lugar, Glasgow foi fundamental porque foi a primeira vez, depois que assinamos o Acordo de Paris, em que todos os pa\u00edses que se comprometeram a rever seus planos e estrat\u00e9gias nacionais, o fizeram, com um n\u00edvel de ambi\u00e7\u00e3o maior. Alguns ainda far\u00e3o isso, mas 3\/4 dos pa\u00edses j\u00e1 se mexeram.<\/p>\n<p><strong>Paris \u00e9 vi\u00e1vel<br \/>\n<\/strong>Estamos vendo que o Acordo de Paris \u00e9 um modo vi\u00e1vel de fazer o que a ci\u00eancia est\u00e1 nos dizendo h\u00e1 d\u00e9cadas, de o que temos que fazer para reduzir emiss\u00f5es. A expectativa para Glasgow era muito alta. Desde que assumi o Pnud estou consciente de que agir na mudan\u00e7a do clima \u00e9 agir em desenvolvimento sustent\u00e1vel. N\u00e3o \u00e9 separado de agir em energia, desigualdade ou em redu\u00e7\u00e3o da pobreza.<\/p>\n<p><strong>Perdemos tempo<br \/>\n<\/strong>No Pnud investimos recursos e tempo para ajudar 120 pa\u00edses a fazerem sua revis\u00e3o das NDCs. Este esfor\u00e7o coletivo d\u00e1 o sentido de que o Acordo de Paris est\u00e1 funcionando, mas muito vagaroso. Temos mais ambi\u00e7\u00e3o, mas perdemos muito tempo. A segunda expectativa em rela\u00e7\u00e3o a Glasgow era ver se manter o limite de 1,5\u00b0 C ainda seria poss\u00edvel. Ningu\u00e9m saiu de Glasgow confort\u00e1vel em rela\u00e7\u00e3o a isso, mas poderia ter sido o fim desta oportunidade. Todos ir\u00e3o concordar que ainda h\u00e1 uma pequena janela e que temos chance.<\/p>\n<p><strong>Cofinanciar<br \/>\n<\/strong>O compromisso dos US$ 100 bilh\u00f5es \u00e9 o piso do que se est\u00e1 buscando em termos de coinvestimentos. Uso esta express\u00e3o de prop\u00f3sito porque muitas vezes, nos pa\u00edses desenvolvidos, h\u00e1 a impress\u00e3o de que &#8216;ah, se n\u00e3o dermos nossos pagamentos de impostos para os pa\u00edses em desenvolvimento eles n\u00e3o far\u00e3o nada&#8217;. Isso \u00e9 uma distor\u00e7\u00e3o. Pa\u00edses em desenvolvimento j\u00e1 est\u00e3o tendo que gastar centenas de milh\u00f5es de d\u00f3lares em energias renov\u00e1veis, adapta\u00e7\u00e3o e transportes. O mundo desenvolvido tem dar um passo adiante e ser um coinvestidor nesta transi\u00e7\u00e3o global.<\/p>\n<p><strong>Compreens\u00e3o social<br \/>\n<\/strong>Em 2021 estamos na imin\u00eancia da transi\u00e7\u00e3o energ\u00e9tica depois de 200 anos de industrializa\u00e7\u00e3o baseada em combust\u00edveis f\u00f3sseis para uma economia baseada na descarboniza\u00e7\u00e3o. Isso tem implica\u00e7\u00f5es gigantes. N\u00e3o s\u00f3 na transi\u00e7\u00e3o dos setores, mas tamb\u00e9m h\u00e1 pa\u00edses que dependem de carv\u00e3o em 60% a 70% de sua gera\u00e7\u00e3o el\u00e9trica, h\u00e1 quest\u00f5es de transi\u00e7\u00e3o justa. Temos enormes desafios nos transportes, em tecnologia, temos que repensar a rede de transmiss\u00e3o, o aquecimento e resfriamento dos edif\u00edcios, a produ\u00e7\u00e3o agr\u00edcola. Porque estes s\u00e3o os motores das emiss\u00f5es de carbono. Isso requer enormes mudan\u00e7as na infraestrutura, no perfil dos investimentos e na compreens\u00e3o social de n\u00e3o tornar os pobres v\u00edtimas disso. Temos que assegurar uma transi\u00e7\u00e3o inclusiva e igualit\u00e1ria.<\/p>\n<p><strong>Centro da economia<br \/>\n<\/strong>Perdemos tempo demais. Em nove anos temos que conseguir redu\u00e7\u00f5es de energia que s\u00e3o extraordinariamente desafiadoras. Para fazer isso r\u00e1pido cada pa\u00eds tem que rever suas pol\u00edticas e estrat\u00e9gias. As NDCs s\u00e3o uma maneira de conectar o clima aos or\u00e7amentos e planejamentos nacionais. \u00c9 o cora\u00e7\u00e3o das nossas economias. Estamos no limiar de uma revolu\u00e7\u00e3o na maneira como conduzimos nossas economias.<\/p>\n<p><strong>Fic\u00e7\u00e3o cient\u00edfica<br \/>\n<\/strong>Em 1992 se pensava que mudan\u00e7a do clima era fic\u00e7\u00e3o cient\u00edfica. A ideia de que t\u00ednhamos de repensar a economia e trabalhar junto com 193 na\u00e7\u00f5es parecia imposs\u00edvel. A primeira COP foi em 1995 e a jornada foi dif\u00edcil. Em 2021 estou surpreso em ver que, no meio da pandemia, tivemos uma acelera\u00e7\u00e3o em a\u00e7\u00e3o e ambi\u00e7\u00e3o clim\u00e1tica. Agora a Europa mobilizou bilh\u00f5es de euros para o Green Deal, os EUA, trilh\u00f5es de d\u00f3lares para um pacote de est\u00edmulo e transi\u00e7\u00e3o energ\u00e9tica, a \u00cdndia anunciou 500 GW em infraestrutura renov\u00e1vel at\u00e9 2039, a China ter\u00e1 o pico de suas emiss\u00f5es antes de 2030 e em Glasgow, apesar da tens\u00e3o geopol\u00edtica, anunciou um acordo com os EUA para mandar um sinal de que reduzir em 1,5\u00b0 C \u00e9 o caminho certo a seguir.<\/p>\n<p><strong>O lado bom das COPs<br \/>\n<\/strong>A mudan\u00e7a do clima chegou. Vamos lembrar das horrendas imagens que vimos ao longo deste ano e que se esperava ver no fim deste s\u00e9culo. Est\u00e1 aqui, \u00e9 extremamente dolorosa, \u00e9 cara. Acho que h\u00e1 uma enorme press\u00e3o para agir. A boa coisa destas confer\u00eancias clim\u00e1ticas \u00e9 que, ano ap\u00f3s ano, as COPs for\u00e7am os pa\u00edses a vir \u00e0 mesa e sob os holofotes da aten\u00e7\u00e3o global, mostrar que fazem parte de um esfor\u00e7o mundial. Infelizmente estamos em um mundo muito desigual.<\/p>\n<p><strong>Eleitores de amanh\u00e3<br \/>\n<\/strong>Os pa\u00edses em desenvolvimento, corretamente, v\u00e3o \u00e0s COPs e dizem \u2018n\u00e3o somos os principais causadores disso, estamos na linha de frente dos impactos, e \u00e9 justo que o mundo rico cubra alguns dos custos do que estamos enfrentando\u2019. Acho lament\u00e1vel, quando se pensa na constante press\u00e3o para que se aumentem os n\u00edveis de ambi\u00e7\u00e3o, que os pa\u00edses desenvolvidos at\u00e9 agora n\u00e3o tenham reconhecido a mesma l\u00f3gica para o financiamento. Na pesquisa do Pnud com mais de um milh\u00e3o de pessoas no mundo, sendo milhares de jovens, nota-se que 67% deles, incluindo brasileiros, dizem que a mudan\u00e7a do clima \u00e9 uma emerg\u00eancia. S\u00e3o os eleitores e empregadores do amanh\u00e3. Creio que veremos uma curva exponencial de mudan\u00e7a nos sistemas energ\u00e9ticos e descarboniza\u00e7\u00e3o.<\/p>\n<p><strong>Debate em toda fam\u00edlia<br \/>\n<\/strong>Em todos os pa\u00edses a mudan\u00e7a do clima n\u00e3o \u00e9 o \u00fanico assunto. Mas est\u00e1 cada vez mais no centro do debate. Muitos, nos pa\u00edses em desenvolvimento, experimentaram o que a mudan\u00e7a do clima significa. Um furac\u00e3o de algumas horas no Caribe pode destruir 30% do PIB, 80% da infraestrutura. S\u00e3o cataclismas que tamb\u00e9m estamos vivendo nos pa\u00edses ricos, disrup\u00e7\u00f5es gigantes na economia. Pessoas no mundo todo reconhecem a mudan\u00e7a do clima como uma amea\u00e7a existencial ao futuro. Jovens come\u00e7am a questionar a gera\u00e7\u00e3o de seus pais em algo dif\u00edcil de explicar. Por isso vemos n\u00e3o apenas raiva nos jovens, mas um debate ocorrendo em todas as fam\u00edlias e nas comunidades ao redor do mundo.<\/p>\n<p><strong>Cr\u00edtica ao net-zero<br \/>\n<\/strong>\u00c9 um reconhecimento da maioria dos pa\u00edses que o futuro tem que ser de baixo carbono. Mas o importante economista John Maynard Keynes disse \u201cno longo prazo estaremos todos mortos\u201d. Para termos uma chance de net-zero em 2050, o que acontece nos pr\u00f3ximos anos, at\u00e9 2030, faz muita diferen\u00e7a. Precisamos reconhecer os compromissos net-zero pela sua import\u00e2ncia, mas se os pa\u00edses n\u00e3o agirem ser\u00e3o promessas vazias e h\u00e1 cidad\u00e3os processando seus governos por isso.<\/p>\n<p>Fonte: Valor<\/p>\n","protected":false},"excerpt":{"rendered":"<p>\u201cAgir na mudan\u00e7a do clima \u00e9 agir em desenvolvimento sustent\u00e1vel. N\u00e3o \u00e9 separado de agir em energia, desigualdade ou redu\u00e7\u00e3o da pobreza\u201d resume o alem\u00e3o&#8230;<\/p>\n","protected":false},"author":1527,"featured_media":8817,"comment_status":"closed","ping_status":"closed","sticky":false,"template":"","format":"standard","meta":{"footnotes":""},"categories":[6],"tags":[],"class_list":["post-36535","post","type-post","status-publish","format-standard","has-post-thumbnail","hentry","category-noticias"],"_links":{"self":[{"href":"https:\/\/www.sincomam.org.br\/index.php\/wp-json\/wp\/v2\/posts\/36535","targetHints":{"allow":["GET"]}}],"collection":[{"href":"https:\/\/www.sincomam.org.br\/index.php\/wp-json\/wp\/v2\/posts"}],"about":[{"href":"https:\/\/www.sincomam.org.br\/index.php\/wp-json\/wp\/v2\/types\/post"}],"author":[{"embeddable":true,"href":"https:\/\/www.sincomam.org.br\/index.php\/wp-json\/wp\/v2\/users\/1527"}],"replies":[{"embeddable":true,"href":"https:\/\/www.sincomam.org.br\/index.php\/wp-json\/wp\/v2\/comments?post=36535"}],"version-history":[{"count":1,"href":"https:\/\/www.sincomam.org.br\/index.php\/wp-json\/wp\/v2\/posts\/36535\/revisions"}],"predecessor-version":[{"id":36536,"href":"https:\/\/www.sincomam.org.br\/index.php\/wp-json\/wp\/v2\/posts\/36535\/revisions\/36536"}],"wp:featuredmedia":[{"embeddable":true,"href":"https:\/\/www.sincomam.org.br\/index.php\/wp-json\/wp\/v2\/media\/8817"}],"wp:attachment":[{"href":"https:\/\/www.sincomam.org.br\/index.php\/wp-json\/wp\/v2\/media?parent=36535"}],"wp:term":[{"taxonomy":"category","embeddable":true,"href":"https:\/\/www.sincomam.org.br\/index.php\/wp-json\/wp\/v2\/categories?post=36535"},{"taxonomy":"post_tag","embeddable":true,"href":"https:\/\/www.sincomam.org.br\/index.php\/wp-json\/wp\/v2\/tags?post=36535"}],"curies":[{"name":"wp","href":"https:\/\/api.w.org\/{rel}","templated":true}]}}