{"id":36524,"date":"2021-11-18T09:22:02","date_gmt":"2021-11-18T12:22:02","guid":{"rendered":"http:\/\/www.sincomam.org.br\/?p=36524"},"modified":"2021-11-18T09:22:02","modified_gmt":"2021-11-18T12:22:02","slug":"aneel-confirma-leilao-de-transmissao-com-investimento-de-r-29-bi-para-17-de-dezembro","status":"publish","type":"post","link":"https:\/\/www.sincomam.org.br\/index.php\/aneel-confirma-leilao-de-transmissao-com-investimento-de-r-29-bi-para-17-de-dezembro\/","title":{"rendered":"Aneel confirma Leil\u00e3o de Transmiss\u00e3o com investimento de R$ 2,9 bi para 17 de dezembro"},"content":{"rendered":"<p>A Diretoria Colegiada da Ag\u00eancia Nacional de Energia El\u00e9trica (Aneel) realizou na ter\u00e7a-feira (16) a aprova\u00e7\u00e3o final do edital do Leil\u00e3o de Transmiss\u00e3o n\u00ba 2\/2021, para a constru\u00e7\u00e3o e a manuten\u00e7\u00e3o de 902 quil\u00f4metros em linhas de transmiss\u00e3o e de 750 megavolt-amp\u00e8res (MVA) em capacidade de transforma\u00e7\u00e3o de subesta\u00e7\u00f5es. A delibera\u00e7\u00e3o \u00e9 o \u00faltimo passo necess\u00e1rio para o certame, ap\u00f3s o envio da documenta\u00e7\u00e3o para verifica\u00e7\u00e3o do Tribunal de Contas da Uni\u00e3o (TCU). O leil\u00e3o ser\u00e1 em 17 de dezembro na sede da B3, em S\u00e3o Paulo.<\/p>\n<p>Os cinco lotes no edital possuem expectativa de investimento de R$ 2,9 bilh\u00f5es, com a previs\u00e3o de cria\u00e7\u00e3o de 6.607 empregos diretos. Os empreendimentos, com prazo de conclus\u00e3o de 36 a 60 meses, contemplar\u00e3o os estados do Amap\u00e1, Bahia, Minas Gerais, Paran\u00e1 e S\u00e3o Paulo. Um dos destaques do certame \u00e9 o Lote 5, no Amap\u00e1, referente \u00e0 constru\u00e7\u00e3o da linha de transmiss\u00e3o Macap\u00e1 &#8211; Macap\u00e1 III, com 10 km, e \u00e0 subesta\u00e7\u00e3o Macap\u00e1 III, com transforma\u00e7\u00e3o de 2 x 150 MVA. A inclus\u00e3o do lote visa a solucionar o atendimento el\u00e9trico \u00e0 regi\u00e3o de Macap\u00e1, a fim de evitar ocorr\u00eancias como as registradas em 2020 na regi\u00e3o.<\/p>\n<p>A minuta do edital e a documenta\u00e7\u00e3o referente aos cinco lotes foram examinados pela sociedade por meio das Consultas P\u00fablicas n \u00ba 19\/2021 e 24\/2021, as quais receberam 90 contribui\u00e7\u00f5es de 16 participantes. Em 22\/10\/2021, a Ag\u00eancia promoveu um workshop de esclarecimentos t\u00e9cnicos sobre os principais pontos do certame.<\/p>\n<p>Fonte: Aneel<\/p>\n","protected":false},"excerpt":{"rendered":"<p>A Diretoria Colegiada da Ag\u00eancia Nacional de Energia El\u00e9trica (Aneel) realizou na ter\u00e7a-feira (16) a aprova\u00e7\u00e3o final do edital do Leil\u00e3o de Transmiss\u00e3o n\u00ba 2\/2021,&#8230;<\/p>\n","protected":false},"author":1527,"featured_media":32749,"comment_status":"closed","ping_status":"closed","sticky":false,"template":"","format":"standard","meta":{"footnotes":""},"categories":[6],"tags":[],"class_list":["post-36524","post","type-post","status-publish","format-standard","has-post-thumbnail","hentry","category-noticias"],"_links":{"self":[{"href":"https:\/\/www.sincomam.org.br\/index.php\/wp-json\/wp\/v2\/posts\/36524","targetHints":{"allow":["GET"]}}],"collection":[{"href":"https:\/\/www.sincomam.org.br\/index.php\/wp-json\/wp\/v2\/posts"}],"about":[{"href":"https:\/\/www.sincomam.org.br\/index.php\/wp-json\/wp\/v2\/types\/post"}],"author":[{"embeddable":true,"href":"https:\/\/www.sincomam.org.br\/index.php\/wp-json\/wp\/v2\/users\/1527"}],"replies":[{"embeddable":true,"href":"https:\/\/www.sincomam.org.br\/index.php\/wp-json\/wp\/v2\/comments?post=36524"}],"version-history":[{"count":1,"href":"https:\/\/www.sincomam.org.br\/index.php\/wp-json\/wp\/v2\/posts\/36524\/revisions"}],"predecessor-version":[{"id":36525,"href":"https:\/\/www.sincomam.org.br\/index.php\/wp-json\/wp\/v2\/posts\/36524\/revisions\/36525"}],"wp:featuredmedia":[{"embeddable":true,"href":"https:\/\/www.sincomam.org.br\/index.php\/wp-json\/wp\/v2\/media\/32749"}],"wp:attachment":[{"href":"https:\/\/www.sincomam.org.br\/index.php\/wp-json\/wp\/v2\/media?parent=36524"}],"wp:term":[{"taxonomy":"category","embeddable":true,"href":"https:\/\/www.sincomam.org.br\/index.php\/wp-json\/wp\/v2\/categories?post=36524"},{"taxonomy":"post_tag","embeddable":true,"href":"https:\/\/www.sincomam.org.br\/index.php\/wp-json\/wp\/v2\/tags?post=36524"}],"curies":[{"name":"wp","href":"https:\/\/api.w.org\/{rel}","templated":true}]}}