{"id":36513,"date":"2021-11-17T09:14:54","date_gmt":"2021-11-17T12:14:54","guid":{"rendered":"http:\/\/www.sincomam.org.br\/?p=36513"},"modified":"2021-11-17T09:29:00","modified_gmt":"2021-11-17T12:29:00","slug":"amazonia-azul-e-tema-da-cop26","status":"publish","type":"post","link":"https:\/\/www.sincomam.org.br\/index.php\/amazonia-azul-e-tema-da-cop26\/","title":{"rendered":"Amaz\u00f4nia Azul \u00e9 tema da COP26"},"content":{"rendered":"<p>O Secret\u00e1rio da Comiss\u00e3o Interministerial para os Recursos do Mar (CIRM) abordou o tema Amaz\u00f4nia Azul durante a 26\u00aa Confer\u00eancia das Na\u00e7\u00f5es Unidas sobre Mudan\u00e7as Clim\u00e1ticas (COP26), ocorrida entre os dias 31 de outubro e 12 de novembro.<\/p>\n<p>A palestra do Secret\u00e1rio, que destacou a import\u00e2ncia da Amaz\u00f4nia Azul e as iniciativas relacionadas ao mar para estimular as atividades de baixo carbono, ocorreu de forma remota no estande montado em Bras\u00edlia (DF), que serviu de apoio \u00e0 estrutura brasileira presente em Glasgow, na Esc\u00f3cia.<\/p>\n<p>A COP do clima \u00e9 um evento que discute o futuro n\u00e3o s\u00f3 do Brasil, mas de todo o planeta em rela\u00e7\u00e3o, principalmente, \u00e0s emiss\u00f5es de gases de efeito estufa. Foram temas debatidos na Confer\u00eancia: Mecanismos que permitam que os pa\u00edses comprem cr\u00e9ditos de carbono de outras na\u00e7\u00f5es; financiamento para perdas e danos sofridos por na\u00e7\u00f5es mais vulner\u00e1veis; cumprimento da meta de investimentos em US$ 100 bilh\u00f5es ao ano para a\u00e7\u00f5es voltadas \u00e0 transi\u00e7\u00e3o energ\u00e9tica; entendimento acerca da import\u00e2ncia da valoriza\u00e7\u00e3o da natureza (florestas, ecossistemas e \u00e1reas agr\u00edcolas respons\u00e1veis), que podem absorver carbono e contribuir para reduzir os impactos clim\u00e1ticos.<\/p>\n<p>Assista \u00e0 apresenta\u00e7\u00e3o na \u00edntegra: https:\/\/www.youtube.com\/watch?v=G0U3uCZnpD0&amp;feature=youtu.be<\/p>\n<p>Fonte: Centro de Comunica\u00e7\u00e3o Social da Marinha<\/p>\n","protected":false},"excerpt":{"rendered":"<p>O Secret\u00e1rio da Comiss\u00e3o Interministerial para os Recursos do Mar (CIRM) abordou o tema Amaz\u00f4nia Azul durante a 26\u00aa Confer\u00eancia das Na\u00e7\u00f5es Unidas sobre Mudan\u00e7as&#8230;<\/p>\n","protected":false},"author":1527,"featured_media":9775,"comment_status":"closed","ping_status":"closed","sticky":false,"template":"","format":"standard","meta":{"footnotes":""},"categories":[6],"tags":[],"class_list":["post-36513","post","type-post","status-publish","format-standard","has-post-thumbnail","hentry","category-noticias"],"_links":{"self":[{"href":"https:\/\/www.sincomam.org.br\/index.php\/wp-json\/wp\/v2\/posts\/36513","targetHints":{"allow":["GET"]}}],"collection":[{"href":"https:\/\/www.sincomam.org.br\/index.php\/wp-json\/wp\/v2\/posts"}],"about":[{"href":"https:\/\/www.sincomam.org.br\/index.php\/wp-json\/wp\/v2\/types\/post"}],"author":[{"embeddable":true,"href":"https:\/\/www.sincomam.org.br\/index.php\/wp-json\/wp\/v2\/users\/1527"}],"replies":[{"embeddable":true,"href":"https:\/\/www.sincomam.org.br\/index.php\/wp-json\/wp\/v2\/comments?post=36513"}],"version-history":[{"count":1,"href":"https:\/\/www.sincomam.org.br\/index.php\/wp-json\/wp\/v2\/posts\/36513\/revisions"}],"predecessor-version":[{"id":36514,"href":"https:\/\/www.sincomam.org.br\/index.php\/wp-json\/wp\/v2\/posts\/36513\/revisions\/36514"}],"wp:featuredmedia":[{"embeddable":true,"href":"https:\/\/www.sincomam.org.br\/index.php\/wp-json\/wp\/v2\/media\/9775"}],"wp:attachment":[{"href":"https:\/\/www.sincomam.org.br\/index.php\/wp-json\/wp\/v2\/media?parent=36513"}],"wp:term":[{"taxonomy":"category","embeddable":true,"href":"https:\/\/www.sincomam.org.br\/index.php\/wp-json\/wp\/v2\/categories?post=36513"},{"taxonomy":"post_tag","embeddable":true,"href":"https:\/\/www.sincomam.org.br\/index.php\/wp-json\/wp\/v2\/tags?post=36513"}],"curies":[{"name":"wp","href":"https:\/\/api.w.org\/{rel}","templated":true}]}}