{"id":36511,"date":"2021-11-17T09:12:21","date_gmt":"2021-11-17T12:12:21","guid":{"rendered":"http:\/\/www.sincomam.org.br\/?p=36511"},"modified":"2021-11-17T09:12:21","modified_gmt":"2021-11-17T12:12:21","slug":"energia-aprovada-revisao-tarifaria-ceee-d","status":"publish","type":"post","link":"https:\/\/www.sincomam.org.br\/index.php\/energia-aprovada-revisao-tarifaria-ceee-d\/","title":{"rendered":"Energia: aprovada revis\u00e3o tarif\u00e1ria CEEE-D"},"content":{"rendered":"<p>A diretoria colegiada da Aneel homologou nesta ter\u00e7a-feira (16) o resultado da revis\u00e3o tarif\u00e1ria peri\u00f3dica de 2021 da Companhia Estadual de Distribui\u00e7\u00e3o de Energia El\u00e9trica (CEEE-D), a vigorar a partir do pr\u00f3ximo dia 22. A decis\u00e3o aponta um efeito m\u00e9dio aos consumidores de 14,62%, sendo de 13,24%, em m\u00e9dia, para os consumidores conectados na Alta Tens\u00e3o, e de 15,18%, tamb\u00e9m em m\u00e9dia, para os consumidores conectados na Baixa Tens\u00e3o.<\/p>\n<p>A CEEE-D atende cerca de 1,8 milh\u00e3o de unidades consumidoras localizadas em 72 munic\u00edpios do Rio Grande do Sul, incluindo a capital Porto Alegre. Confira, abaixo, os \u00edndices propostos:<\/p>\n<p>Os custos de distribui\u00e7\u00e3o (5%) e componentes financeiros (5,71%), a retirada dos financeiros anteriores (1,29%) e os custos de transporte (-1,82%) foram alguns dos principais itens que contribu\u00edram para o efeito m\u00e9dio de 14,62%. A proposta de revis\u00e3o tarif\u00e1ria foi objeto da Consulta P\u00fablica n\u00ba 58\/2021, realizada de 9\/9 a 8\/10. Uma audi\u00eancia p\u00fablica virtual tamb\u00e9m debateu o tema no dia 30\/9.<\/p>\n<p>Tamb\u00e9m foi aprovado pela diretoria colegiada o valor mensal de recursos da Conta de Desenvolvimento Energ\u00e9tico (CDE) a ser repassado pela C\u00e2mara de Comercializa\u00e7\u00e3o de Energia El\u00e9trica (CCEE) \u00e0 CEEE-D, de modo a custear os descontos retirados da estrutura tarif\u00e1ria.<\/p>\n<p>Foram definidas, ainda, entre outras medidas, as tarifas de Uso dos Sistemas de Distribui\u00e7\u00e3o (TUSD) e de Energia (TE) aplic\u00e1veis aos consumidores e aos usu\u00e1rios da concession\u00e1ria e os limites para os indicadores de continuidade Dura\u00e7\u00e3o Equivalente de Interrup\u00e7\u00e3o por Unidade Consumidora (DEC) e de Frequ\u00eancia Equivalente de Interrup\u00e7\u00e3o por Unidade Consumidora (FEC) para o per\u00edodo de 2022 a 2026.<\/p>\n<p>Fonte: Aneel<\/p>\n<p>&nbsp;<\/p>\n","protected":false},"excerpt":{"rendered":"<p>A diretoria colegiada da Aneel homologou nesta ter\u00e7a-feira (16) o resultado da revis\u00e3o tarif\u00e1ria peri\u00f3dica de 2021 da Companhia Estadual de Distribui\u00e7\u00e3o de Energia El\u00e9trica&#8230;<\/p>\n","protected":false},"author":1527,"featured_media":5319,"comment_status":"closed","ping_status":"closed","sticky":false,"template":"","format":"standard","meta":{"footnotes":""},"categories":[6],"tags":[],"class_list":["post-36511","post","type-post","status-publish","format-standard","has-post-thumbnail","hentry","category-noticias"],"_links":{"self":[{"href":"https:\/\/www.sincomam.org.br\/index.php\/wp-json\/wp\/v2\/posts\/36511","targetHints":{"allow":["GET"]}}],"collection":[{"href":"https:\/\/www.sincomam.org.br\/index.php\/wp-json\/wp\/v2\/posts"}],"about":[{"href":"https:\/\/www.sincomam.org.br\/index.php\/wp-json\/wp\/v2\/types\/post"}],"author":[{"embeddable":true,"href":"https:\/\/www.sincomam.org.br\/index.php\/wp-json\/wp\/v2\/users\/1527"}],"replies":[{"embeddable":true,"href":"https:\/\/www.sincomam.org.br\/index.php\/wp-json\/wp\/v2\/comments?post=36511"}],"version-history":[{"count":1,"href":"https:\/\/www.sincomam.org.br\/index.php\/wp-json\/wp\/v2\/posts\/36511\/revisions"}],"predecessor-version":[{"id":36512,"href":"https:\/\/www.sincomam.org.br\/index.php\/wp-json\/wp\/v2\/posts\/36511\/revisions\/36512"}],"wp:featuredmedia":[{"embeddable":true,"href":"https:\/\/www.sincomam.org.br\/index.php\/wp-json\/wp\/v2\/media\/5319"}],"wp:attachment":[{"href":"https:\/\/www.sincomam.org.br\/index.php\/wp-json\/wp\/v2\/media?parent=36511"}],"wp:term":[{"taxonomy":"category","embeddable":true,"href":"https:\/\/www.sincomam.org.br\/index.php\/wp-json\/wp\/v2\/categories?post=36511"},{"taxonomy":"post_tag","embeddable":true,"href":"https:\/\/www.sincomam.org.br\/index.php\/wp-json\/wp\/v2\/tags?post=36511"}],"curies":[{"name":"wp","href":"https:\/\/api.w.org\/{rel}","templated":true}]}}