{"id":36501,"date":"2021-11-16T10:27:28","date_gmt":"2021-11-16T13:27:28","guid":{"rendered":"http:\/\/www.sincomam.org.br\/?p=36501"},"modified":"2021-11-16T10:27:28","modified_gmt":"2021-11-16T13:27:28","slug":"porto-de-navegantes-alcanca-a-marca-de-1-milhao-de-teus-movimentados-em-2021","status":"publish","type":"post","link":"https:\/\/www.sincomam.org.br\/index.php\/porto-de-navegantes-alcanca-a-marca-de-1-milhao-de-teus-movimentados-em-2021\/","title":{"rendered":"Porto de Navegantes alcan\u00e7a a marca de 1 milh\u00e3o de teus movimentados em 2021"},"content":{"rendered":"<p>Na sexta-feira (12), a Portonave superou um milh\u00e3o de TEUs (medida que equivale a um cont\u00eainer de 20 p\u00e9s) movimentados. A conquista foi durante a opera\u00e7\u00e3o do navio Ever Laurel, do armador Evergreen, o mesmo navio que inaugurou a nova Bacia de Evolu\u00e7\u00e3o em maio de 2020. Com capacidade para 8.452 TEUs, a embarca\u00e7\u00e3o tem 334,9 metros de comprimento e 45,8 metros de largura. Essa marca, faz a empresa impulsionar a economia do Estado de Santa Catarina, e entrar para o seleto grupo de terminais do Complexo Portu\u00e1rio de Santos que j\u00e1 movimentaram mais de 1 milh\u00e3o de TEUs em um mesmo ano.<\/p>\n<p>A supera\u00e7\u00e3o \u00e9 resultado do desempenho m\u00eas a m\u00eas com significativos marcos no segmento portu\u00e1rio, principalmente, nos meses de fevereiro, mar\u00e7o, maio, setembro e outubro, em que foram movimentados mais de 100mil TEUs\/m\u00eas. Al\u00e9m disso, a lideran\u00e7a da Portonave continua na movimenta\u00e7\u00e3o de cont\u00eaineres no Sul em ambos os segmentos: importa\u00e7\u00e3o e exporta\u00e7\u00e3o. Em escala nacional, o primeiro Terminal privado do pa\u00eds, se mant\u00e9m em segundo lugar no ranking dos portos de movimenta\u00e7\u00e3o de cont\u00eaineres. E se destaca por ter um dos maiores \u00edndices de crescimento entre os terminais do Brasil na movimenta\u00e7\u00e3o de cont\u00eaineres, com 37% de crescimento na compara\u00e7\u00e3o dos n\u00fameros realizados com o mesmo per\u00edodo do ano passado.<\/p>\n<p>Para o diretor-superintendente operacional, Ren\u00ea Duarte J\u00fanior, \u201cA marca de 1 milh\u00e3o de TEUs \u00e9 muito representativa e nos enche de orgulho. No Brasil, s\u00e3o poucos os terminais que t\u00eam capacidade e que conseguem ultrapassar essa marca. Pode-se dizer que o \u2018clube do milh\u00e3o\u2019 agora tem a Portonave, e que em 14 anos de opera\u00e7\u00e3o se tornou refer\u00eancia de efici\u00eancia, qualidade e seguran\u00e7a na movimenta\u00e7\u00e3o de cont\u00eaineres.\u201d O diretor ainda enfatiza que \u201cO principal destaque dessa conquista \u00e9 o nosso capital humano. S\u00e3o as pessoas que fazem tudo acontecer e por isso merecem o nosso aplauso. Parab\u00e9ns a todos os profissionais! Bravo\u201d.<\/p>\n<p>Atualmente, a Portonave conta com mais de mil profissionais focados em prestar um servi\u00e7o de excel\u00eancia aos clientes, comprometidos em suas atividades com o elevado grau de dedica\u00e7\u00e3o e produtividade. O resultado se mostra na conquista desta marca por meio de atualiza\u00e7\u00e3o constante, busca de melhorias na otimiza\u00e7\u00e3o da estrutura portu\u00e1ria por meio dos equipamentos, e na alta performance integrada de todos os processos sejam administrativos, tecnol\u00f3gicos, operacionais e comerciais.<\/p>\n<p>Fonte: Informativo dos Portos<\/p>\n","protected":false},"excerpt":{"rendered":"<p>Na sexta-feira (12), a Portonave superou um milh\u00e3o de TEUs (medida que equivale a um cont\u00eainer de 20 p\u00e9s) movimentados. A conquista foi durante a&#8230;<\/p>\n","protected":false},"author":1527,"featured_media":8571,"comment_status":"closed","ping_status":"closed","sticky":false,"template":"","format":"standard","meta":{"footnotes":""},"categories":[6],"tags":[],"class_list":["post-36501","post","type-post","status-publish","format-standard","has-post-thumbnail","hentry","category-noticias"],"_links":{"self":[{"href":"https:\/\/www.sincomam.org.br\/index.php\/wp-json\/wp\/v2\/posts\/36501","targetHints":{"allow":["GET"]}}],"collection":[{"href":"https:\/\/www.sincomam.org.br\/index.php\/wp-json\/wp\/v2\/posts"}],"about":[{"href":"https:\/\/www.sincomam.org.br\/index.php\/wp-json\/wp\/v2\/types\/post"}],"author":[{"embeddable":true,"href":"https:\/\/www.sincomam.org.br\/index.php\/wp-json\/wp\/v2\/users\/1527"}],"replies":[{"embeddable":true,"href":"https:\/\/www.sincomam.org.br\/index.php\/wp-json\/wp\/v2\/comments?post=36501"}],"version-history":[{"count":1,"href":"https:\/\/www.sincomam.org.br\/index.php\/wp-json\/wp\/v2\/posts\/36501\/revisions"}],"predecessor-version":[{"id":36502,"href":"https:\/\/www.sincomam.org.br\/index.php\/wp-json\/wp\/v2\/posts\/36501\/revisions\/36502"}],"wp:featuredmedia":[{"embeddable":true,"href":"https:\/\/www.sincomam.org.br\/index.php\/wp-json\/wp\/v2\/media\/8571"}],"wp:attachment":[{"href":"https:\/\/www.sincomam.org.br\/index.php\/wp-json\/wp\/v2\/media?parent=36501"}],"wp:term":[{"taxonomy":"category","embeddable":true,"href":"https:\/\/www.sincomam.org.br\/index.php\/wp-json\/wp\/v2\/categories?post=36501"},{"taxonomy":"post_tag","embeddable":true,"href":"https:\/\/www.sincomam.org.br\/index.php\/wp-json\/wp\/v2\/tags?post=36501"}],"curies":[{"name":"wp","href":"https:\/\/api.w.org\/{rel}","templated":true}]}}