{"id":36495,"date":"2021-11-16T10:11:08","date_gmt":"2021-11-16T13:11:08","guid":{"rendered":"http:\/\/www.sincomam.org.br\/?p=36495"},"modified":"2021-11-16T10:11:08","modified_gmt":"2021-11-16T13:11:08","slug":"aneel-nota-de-esclarecimento-sobre-reportagens-acerca-da-conta-de-luz-em-2022-publicadas-na-sexta-feira-12","status":"publish","type":"post","link":"https:\/\/www.sincomam.org.br\/index.php\/aneel-nota-de-esclarecimento-sobre-reportagens-acerca-da-conta-de-luz-em-2022-publicadas-na-sexta-feira-12\/","title":{"rendered":"Aneel: Nota de Esclarecimento sobre reportagens acerca da conta de luz em 2022, publicadas na sexta-feira (12)"},"content":{"rendered":"<p>A Ag\u00eancia Nacional de Energia El\u00e9trica (Aneel) esclarece que as informa\u00e7\u00f5es veiculadas em reportagens publicadas na sexta-feira (12) sobre aumento na conta de luz em 2022 correspondem a estimativas preliminares baseadas em cen\u00e1rios hipot\u00e9ticos que ainda n\u00e3o consideram as medidas de atenua\u00e7\u00e3o tarif\u00e1rias que ser\u00e3o implementadas em 2022.<\/p>\n<p>O Brasil no \u00faltimo per\u00edodo \u00famido registrou o pior regime de chuvas dos \u00faltimos 91 anos. Em raz\u00e3o desse cen\u00e1rio adverso, para compensar o baixo n\u00edvel dos reservat\u00f3rios com a falta de chuva, t\u00eam sido utilizados todos os recursos de oferta de energia dispon\u00edveis e foram tomadas medidas excepcionais para assegurar o suprimento de energia no pa\u00eds.<\/p>\n<p>A Aneel salienta que, no exerc\u00edcio de sua compet\u00eancia legal de regular o setor el\u00e9trico brasileiro, em observ\u00e2ncia \u00e0s pol\u00edticas p\u00fablicas emanadas do Minist\u00e9rio de Minas e Energia (MME), tem envidado esfor\u00e7os para atenuar os impactos da escassez h\u00eddrica nos processos tarif\u00e1rios de 2022, a exemplo de todos os esfor\u00e7os que foram empreendidos nos anos de 2020 e 2021 e que permitiram que os impactos da pandemia no aumento das tarifas fossem significativamente reduzidos, em prol de toda a sociedade brasileira e da sustentabilidade do setor el\u00e9trico.<\/p>\n<p>Fonte: Aneel<\/p>\n","protected":false},"excerpt":{"rendered":"<p>A Ag\u00eancia Nacional de Energia El\u00e9trica (Aneel) esclarece que as informa\u00e7\u00f5es veiculadas em reportagens publicadas na sexta-feira (12) sobre aumento na conta de luz em&#8230;<\/p>\n","protected":false},"author":1527,"featured_media":17940,"comment_status":"closed","ping_status":"closed","sticky":false,"template":"","format":"standard","meta":{"footnotes":""},"categories":[6],"tags":[],"class_list":["post-36495","post","type-post","status-publish","format-standard","has-post-thumbnail","hentry","category-noticias"],"_links":{"self":[{"href":"https:\/\/www.sincomam.org.br\/index.php\/wp-json\/wp\/v2\/posts\/36495","targetHints":{"allow":["GET"]}}],"collection":[{"href":"https:\/\/www.sincomam.org.br\/index.php\/wp-json\/wp\/v2\/posts"}],"about":[{"href":"https:\/\/www.sincomam.org.br\/index.php\/wp-json\/wp\/v2\/types\/post"}],"author":[{"embeddable":true,"href":"https:\/\/www.sincomam.org.br\/index.php\/wp-json\/wp\/v2\/users\/1527"}],"replies":[{"embeddable":true,"href":"https:\/\/www.sincomam.org.br\/index.php\/wp-json\/wp\/v2\/comments?post=36495"}],"version-history":[{"count":1,"href":"https:\/\/www.sincomam.org.br\/index.php\/wp-json\/wp\/v2\/posts\/36495\/revisions"}],"predecessor-version":[{"id":36496,"href":"https:\/\/www.sincomam.org.br\/index.php\/wp-json\/wp\/v2\/posts\/36495\/revisions\/36496"}],"wp:featuredmedia":[{"embeddable":true,"href":"https:\/\/www.sincomam.org.br\/index.php\/wp-json\/wp\/v2\/media\/17940"}],"wp:attachment":[{"href":"https:\/\/www.sincomam.org.br\/index.php\/wp-json\/wp\/v2\/media?parent=36495"}],"wp:term":[{"taxonomy":"category","embeddable":true,"href":"https:\/\/www.sincomam.org.br\/index.php\/wp-json\/wp\/v2\/categories?post=36495"},{"taxonomy":"post_tag","embeddable":true,"href":"https:\/\/www.sincomam.org.br\/index.php\/wp-json\/wp\/v2\/tags?post=36495"}],"curies":[{"name":"wp","href":"https:\/\/api.w.org\/{rel}","templated":true}]}}