{"id":36493,"date":"2021-11-16T10:09:27","date_gmt":"2021-11-16T13:09:27","guid":{"rendered":"http:\/\/www.sincomam.org.br\/?p=36493"},"modified":"2021-11-16T10:09:27","modified_gmt":"2021-11-16T13:09:27","slug":"movimentacao-do-setor-portuario-cresce-63-de-janeiro-a-setembro-de-2021","status":"publish","type":"post","link":"https:\/\/www.sincomam.org.br\/index.php\/movimentacao-do-setor-portuario-cresce-63-de-janeiro-a-setembro-de-2021\/","title":{"rendered":"Movimenta\u00e7\u00e3o do setor portu\u00e1rio cresce 6,3% de janeiro a setembro de 2021"},"content":{"rendered":"<p>O setor portu\u00e1rio nacional (portos organizados + terminais autorizados) movimentou, de janeiro a setembro, 910,6 milh\u00f5es de toneladas. Isso representou um crescimento de 6,3% em rela\u00e7\u00e3o ao mesmo per\u00edodo de 2020. Os portos p\u00fablicos movimentaram 312,5 milh\u00f5es de toneladas, aumento de 6%. J\u00e1 as instala\u00e7\u00f5es privadas contribu\u00edram com 598,1 milh\u00f5es de toneladas (+ 6,4%). As informa\u00e7\u00f5es s\u00e3o do Painel Estat\u00edstico Aquavi\u00e1rio da Antaq.<\/p>\n<p>Em rela\u00e7\u00e3o aos perfis de carga, o granel s\u00f3lido (58,5% do total) cresceu 2,4% em compara\u00e7\u00e3o com o mesmo per\u00edodo do ano passado, alcan\u00e7ando a movimenta\u00e7\u00e3o de 532,6 milh\u00f5es de toneladas. O granel l\u00edquido totalizou 234,7 milh\u00f5es de toneladas (25,8% do total), apresentando, at\u00e9 setembro de 2021, aumento de 11,3% em rela\u00e7\u00e3o aos nove meses do ano passado.\u00a0 A movimenta\u00e7\u00e3o de carga conteinerizada alcan\u00e7ou 99,3 milh\u00f5es de toneladas, participa\u00e7\u00e3o de 10,9% e crescimento de 15,1%. A carga geral solta (4,8% do total) cresceu 12,2%, chegando a 44,1 milh\u00f5es de toneladas.<\/p>\n<p>Analisando apenas o terceiro trimestre, registrou-se decr\u00e9scimo na movimenta\u00e7\u00e3o. Entre as mercadorias que puxaram a queda, citam-se especialmente o milho, com redu\u00e7\u00e3o de 41,6% em compara\u00e7\u00e3o com o mesmo per\u00edodo de 2020, a bauxita (-21,9%) e o a\u00e7\u00facar (-21,2%). O min\u00e9rio de ferro foi a carga mais movimentada no setor portu\u00e1rio nacional entre janeiro e setembro: 275,2 milh\u00f5es de toneladas, alta de 7,15%. Em segundo, apareceram petr\u00f3leo e derivados (208,4 milh\u00f5es de toneladas, + 9,20%). Na terceira posi\u00e7\u00e3o, figurou a soja \u2014 99,4 milh\u00f5es de toneladas, queda de 1,38%.<\/p>\n<p>O Terminal Mar\u00edtimo de Ponta da Madeira (MA) foi a instala\u00e7\u00e3o que mais movimentou carga de janeiro a setembro de 2021, com 133,6 milh\u00f5es de toneladas, redu\u00e7\u00e3o de 2,88%. Em seguida, ficaram o Porto de Santos (SP) e o Terminal Aquavi\u00e1rio de Angra dos Reis (RJ)<\/p>\n<p>J\u00e1 as instala\u00e7\u00f5es com maiores crescimentos relativos foram:<\/p>\n<p>\u25a0Terminal Aquavi\u00e1rio de S\u00e3o Francisco do Sul \u25b292,8%<br \/>\nTotal: 13,1 mi t, 17\u00ba em movimenta\u00e7\u00e3o<\/p>\n<p>\u25a0Terminal Aquavi\u00e1rio de Os\u00f3rio \u25b251,9%<br \/>\nTotal: 10,6 mi t, 20\u00ba em movimenta\u00e7\u00e3o<\/p>\n<p>\u25a0Terminal Portu\u00e1rio do Pec\u00e9m \u25b234,9%<br \/>\nTotal: 15,6 mi t, 15\u00ba em movimenta\u00e7\u00e3o<\/p>\n<p>\u25a0Terminal Aquavi\u00e1rio da Ilha d\u2019\u00c1gua \u25b231,2%<br \/>\nTotal: 16,1 mi t, 14\u00ba em movimenta\u00e7\u00e3o<\/p>\n<p>\u25a0Itaqui \u25b227,5%<br \/>\nTotal: 24,4 mi t, 8\u00ba em movimenta\u00e7\u00e3o<\/p>\n<p>\u25a0Terminal Ilha Gua\u00edba \u2013 TIG \u25b225,0%<br \/>\nTotal: 20,2 mi t, 11\u00ba em movimenta\u00e7\u00e3o<\/p>\n<p>\u25a0Itagua\u00ed \u25b224,6%<br \/>\nTotal: 40,9 mi t, 5\u00ba em movimenta\u00e7\u00e3o<\/p>\n<p><strong>Navega\u00e7\u00f5es<br \/>\n<\/strong>Entre as navega\u00e7\u00f5es, o longo curso, que representa 70,5% da movimenta\u00e7\u00e3o, apresentou crescimento de 6,7% at\u00e9 setembro de 2021 em compara\u00e7\u00e3o com mesmo per\u00edodo de 2020. A cabotagem no todo cresceu 7,9%, sendo que a de cont\u00eaineres cresceu 18,9% em toneladas (16,4% em TEUs), e, por fim, a navega\u00e7\u00e3o interior apresentou queda de 4,5% no per\u00edodo. Confira o quadro abaixo.<\/p>\n<p>Fonte: Antaq<\/p>\n","protected":false},"excerpt":{"rendered":"<p>O setor portu\u00e1rio nacional (portos organizados + terminais autorizados) movimentou, de janeiro a setembro, 910,6 milh\u00f5es de toneladas. Isso representou um crescimento de 6,3% em&#8230;<\/p>\n","protected":false},"author":1527,"featured_media":33298,"comment_status":"closed","ping_status":"closed","sticky":false,"template":"","format":"standard","meta":{"footnotes":""},"categories":[6],"tags":[],"class_list":["post-36493","post","type-post","status-publish","format-standard","has-post-thumbnail","hentry","category-noticias"],"_links":{"self":[{"href":"https:\/\/www.sincomam.org.br\/index.php\/wp-json\/wp\/v2\/posts\/36493","targetHints":{"allow":["GET"]}}],"collection":[{"href":"https:\/\/www.sincomam.org.br\/index.php\/wp-json\/wp\/v2\/posts"}],"about":[{"href":"https:\/\/www.sincomam.org.br\/index.php\/wp-json\/wp\/v2\/types\/post"}],"author":[{"embeddable":true,"href":"https:\/\/www.sincomam.org.br\/index.php\/wp-json\/wp\/v2\/users\/1527"}],"replies":[{"embeddable":true,"href":"https:\/\/www.sincomam.org.br\/index.php\/wp-json\/wp\/v2\/comments?post=36493"}],"version-history":[{"count":1,"href":"https:\/\/www.sincomam.org.br\/index.php\/wp-json\/wp\/v2\/posts\/36493\/revisions"}],"predecessor-version":[{"id":36494,"href":"https:\/\/www.sincomam.org.br\/index.php\/wp-json\/wp\/v2\/posts\/36493\/revisions\/36494"}],"wp:featuredmedia":[{"embeddable":true,"href":"https:\/\/www.sincomam.org.br\/index.php\/wp-json\/wp\/v2\/media\/33298"}],"wp:attachment":[{"href":"https:\/\/www.sincomam.org.br\/index.php\/wp-json\/wp\/v2\/media?parent=36493"}],"wp:term":[{"taxonomy":"category","embeddable":true,"href":"https:\/\/www.sincomam.org.br\/index.php\/wp-json\/wp\/v2\/categories?post=36493"},{"taxonomy":"post_tag","embeddable":true,"href":"https:\/\/www.sincomam.org.br\/index.php\/wp-json\/wp\/v2\/tags?post=36493"}],"curies":[{"name":"wp","href":"https:\/\/api.w.org\/{rel}","templated":true}]}}