{"id":36365,"date":"2021-11-03T09:31:20","date_gmt":"2021-11-03T12:31:20","guid":{"rendered":"http:\/\/www.sincomam.org.br\/?p=36365"},"modified":"2021-11-03T09:31:20","modified_gmt":"2021-11-03T12:31:20","slug":"marinha-realiza-quadragesima-operacao-dragao-no-rio-de-janeiro-e-espirito-santo","status":"publish","type":"post","link":"https:\/\/www.sincomam.org.br\/index.php\/marinha-realiza-quadragesima-operacao-dragao-no-rio-de-janeiro-e-espirito-santo\/","title":{"rendered":"Marinha realiza Quadrag\u00e9sima \u201cOpera\u00e7\u00e3o Drag\u00e3o\u201d, no Rio de Janeiro e Esp\u00edrito Santo"},"content":{"rendered":"<p>A Marinha realiza Opera\u00e7\u00e3o \u201cDrag\u00e3o\u00a0 XL\/ Meridiano\u201d, entre os dias 31 de outubro a 12 de novembro, na \u00e1rea mar\u00edtima compreendida entre os estados do Rio de Janeiro e Esp\u00edrito Santo com o objetivo de contribuir para elevar o aprestamento dos meios navais e aeronavais da Esquadra, bem como incrementar o grau de prontid\u00e3o de unidades da For\u00e7a de Fuzileiros da Esquadra (FFE),<\/p>\n<p>No dia 27 de outubro, o Comandante da 1\u00aa Divis\u00e3o da Esquadra, Contra-Almirante Marcio Tadeu Francisco das Neves, designado para Comandar o Grupo-Tarefa formado para a miss\u00e3o, apresentou o planejamento da Opera\u00e7\u00e3o ao Comandante em Chefe da Esquadra, Vice-Almirante Arthur Fernando Bettega Corr\u00eaa, e demais militares participantes da comiss\u00e3o. Na oportunidade, foram detalhados os exerc\u00edcios a serem realizados na Opera\u00e7\u00e3o, que ir\u00e1 contar, tamb\u00e9m, com apoio de meios do Comando do 1\u00ba Distrito Naval e do Comando do 2\u00ba Distrito Naval, al\u00e9m de aeronaves e militares da For\u00e7a A\u00e9rea Brasileira, viaturas e tropa do Ex\u00e9rcito Brasileiro, o que contribuir\u00e1 interoperabilidade entre as for\u00e7as.<\/p>\n<p>Fonte: Centro de Comunica\u00e7\u00e3o Social da Marinha<\/p>\n","protected":false},"excerpt":{"rendered":"<p>A Marinha realiza Opera\u00e7\u00e3o \u201cDrag\u00e3o\u00a0 XL\/ Meridiano\u201d, entre os dias 31 de outubro a 12 de novembro, na \u00e1rea mar\u00edtima compreendida entre os estados do&#8230;<\/p>\n","protected":false},"author":1527,"featured_media":34848,"comment_status":"closed","ping_status":"closed","sticky":false,"template":"","format":"standard","meta":{"footnotes":""},"categories":[6],"tags":[],"class_list":["post-36365","post","type-post","status-publish","format-standard","has-post-thumbnail","hentry","category-noticias"],"_links":{"self":[{"href":"https:\/\/www.sincomam.org.br\/index.php\/wp-json\/wp\/v2\/posts\/36365","targetHints":{"allow":["GET"]}}],"collection":[{"href":"https:\/\/www.sincomam.org.br\/index.php\/wp-json\/wp\/v2\/posts"}],"about":[{"href":"https:\/\/www.sincomam.org.br\/index.php\/wp-json\/wp\/v2\/types\/post"}],"author":[{"embeddable":true,"href":"https:\/\/www.sincomam.org.br\/index.php\/wp-json\/wp\/v2\/users\/1527"}],"replies":[{"embeddable":true,"href":"https:\/\/www.sincomam.org.br\/index.php\/wp-json\/wp\/v2\/comments?post=36365"}],"version-history":[{"count":1,"href":"https:\/\/www.sincomam.org.br\/index.php\/wp-json\/wp\/v2\/posts\/36365\/revisions"}],"predecessor-version":[{"id":36366,"href":"https:\/\/www.sincomam.org.br\/index.php\/wp-json\/wp\/v2\/posts\/36365\/revisions\/36366"}],"wp:featuredmedia":[{"embeddable":true,"href":"https:\/\/www.sincomam.org.br\/index.php\/wp-json\/wp\/v2\/media\/34848"}],"wp:attachment":[{"href":"https:\/\/www.sincomam.org.br\/index.php\/wp-json\/wp\/v2\/media?parent=36365"}],"wp:term":[{"taxonomy":"category","embeddable":true,"href":"https:\/\/www.sincomam.org.br\/index.php\/wp-json\/wp\/v2\/categories?post=36365"},{"taxonomy":"post_tag","embeddable":true,"href":"https:\/\/www.sincomam.org.br\/index.php\/wp-json\/wp\/v2\/tags?post=36365"}],"curies":[{"name":"wp","href":"https:\/\/api.w.org\/{rel}","templated":true}]}}