{"id":36362,"date":"2021-11-03T09:28:41","date_gmt":"2021-11-03T12:28:41","guid":{"rendered":"http:\/\/www.sincomam.org.br\/?p=36362"},"modified":"2021-11-03T09:28:41","modified_gmt":"2021-11-03T12:28:41","slug":"mudanca-de-horario-do-leilao-de-areas-portuarias-no-dia-5-de-novembro","status":"publish","type":"post","link":"https:\/\/www.sincomam.org.br\/index.php\/mudanca-de-horario-do-leilao-de-areas-portuarias-no-dia-5-de-novembro\/","title":{"rendered":"Mudan\u00e7a de hor\u00e1rio do leil\u00e3o de \u00e1reas portu\u00e1rias no dia 5 de novembro"},"content":{"rendered":"<p>A Ag\u00eancia Nacional de Transportes Aquavi\u00e1rios (Antaq) informa que o leil\u00e3o de \u00e1reas portu\u00e1rias, no dia 5 de novembro, ocorrer\u00e1 a partir das 15h, na B3, na Rua XV de Novembro, n\u00ba 275, Centro &#8211; S\u00e3o Paulo. Nesse dia, ser\u00e3o leiloadas tr\u00eas \u00e1reas: MUC59 (Porto de Fortaleza), que se destinar\u00e1 \u00e0 movimenta\u00e7\u00e3o e armazenagem de gran\u00e9is l\u00edquidos, especialmente combust\u00edveis; MAC13 (Porto de Macei\u00f3), para movimenta\u00e7\u00e3o e armazenagem de granel vegetal, especialmente a\u00e7\u00facar; e Tersab, no Complexo Portu\u00e1rio de Areia Branca, no Rio Grande do Norte, que ser\u00e1 destinada \u00e0 movimenta\u00e7\u00e3o e armazenagem de gran\u00e9is s\u00f3lidos minerais, especialmente sal marinho.<\/p>\n<p>Fonte: Antaq<\/p>\n","protected":false},"excerpt":{"rendered":"<p>A Ag\u00eancia Nacional de Transportes Aquavi\u00e1rios (Antaq) informa que o leil\u00e3o de \u00e1reas portu\u00e1rias, no dia 5 de novembro, ocorrer\u00e1 a partir das 15h, na&#8230;<\/p>\n","protected":false},"author":1527,"featured_media":34968,"comment_status":"closed","ping_status":"closed","sticky":false,"template":"","format":"standard","meta":{"footnotes":""},"categories":[6],"tags":[],"class_list":["post-36362","post","type-post","status-publish","format-standard","has-post-thumbnail","hentry","category-noticias"],"_links":{"self":[{"href":"https:\/\/www.sincomam.org.br\/index.php\/wp-json\/wp\/v2\/posts\/36362","targetHints":{"allow":["GET"]}}],"collection":[{"href":"https:\/\/www.sincomam.org.br\/index.php\/wp-json\/wp\/v2\/posts"}],"about":[{"href":"https:\/\/www.sincomam.org.br\/index.php\/wp-json\/wp\/v2\/types\/post"}],"author":[{"embeddable":true,"href":"https:\/\/www.sincomam.org.br\/index.php\/wp-json\/wp\/v2\/users\/1527"}],"replies":[{"embeddable":true,"href":"https:\/\/www.sincomam.org.br\/index.php\/wp-json\/wp\/v2\/comments?post=36362"}],"version-history":[{"count":1,"href":"https:\/\/www.sincomam.org.br\/index.php\/wp-json\/wp\/v2\/posts\/36362\/revisions"}],"predecessor-version":[{"id":36364,"href":"https:\/\/www.sincomam.org.br\/index.php\/wp-json\/wp\/v2\/posts\/36362\/revisions\/36364"}],"wp:featuredmedia":[{"embeddable":true,"href":"https:\/\/www.sincomam.org.br\/index.php\/wp-json\/wp\/v2\/media\/34968"}],"wp:attachment":[{"href":"https:\/\/www.sincomam.org.br\/index.php\/wp-json\/wp\/v2\/media?parent=36362"}],"wp:term":[{"taxonomy":"category","embeddable":true,"href":"https:\/\/www.sincomam.org.br\/index.php\/wp-json\/wp\/v2\/categories?post=36362"},{"taxonomy":"post_tag","embeddable":true,"href":"https:\/\/www.sincomam.org.br\/index.php\/wp-json\/wp\/v2\/tags?post=36362"}],"curies":[{"name":"wp","href":"https:\/\/api.w.org\/{rel}","templated":true}]}}