{"id":36347,"date":"2021-11-01T09:43:01","date_gmt":"2021-11-01T12:43:01","guid":{"rendered":"http:\/\/www.sincomam.org.br\/?p=36347"},"modified":"2021-11-01T09:43:02","modified_gmt":"2021-11-01T12:43:02","slug":"bandeira-tarifaria-para-consumidores-beneficiarios-da-tarifa-social-sera-amarela-em-novembro","status":"publish","type":"post","link":"https:\/\/www.sincomam.org.br\/index.php\/bandeira-tarifaria-para-consumidores-beneficiarios-da-tarifa-social-sera-amarela-em-novembro\/","title":{"rendered":"Bandeira tarif\u00e1ria para consumidores benefici\u00e1rios da tarifa social ser\u00e1 amarela em novembro"},"content":{"rendered":"<p>A Ag\u00eancia Nacional de Energia El\u00e9trica (Aneel) anunciou nesta sexta-feira (29) a bandeira tarif\u00e1ria amarela no m\u00eas de novembro para os consumidores que recebem o benef\u00edcio da Tarifa Social de Energia El\u00e9trica. A bandeira, que indica condi\u00e7\u00f5es menos favor\u00e1veis de gera\u00e7\u00e3o de energia, equivale ao pagamento de R$ 1,87 para cada 100 quilowatts-hora (kWh) consumidos.<\/p>\n<p>Neste momento, a bandeira amarela vale apenas para os consumidores com Tarifa Social. Para os demais consumidores de energia el\u00e9trica \u2013 excetuando-se os moradores de \u00e1reas n\u00e3o conectadas ao Sistema Interligado Nacional (como os de Roraima e de \u00e1reas remotas), que n\u00e3o pagam bandeira tarif\u00e1ria \u2013, a bandeira vigente no per\u00edodo ser\u00e1 a de Escassez H\u00eddrica, no valor de R$ 14,20 a cada 100 kWh consumidos. Institu\u00edda pela C\u00e2mara de Regras Excepcionais para Gest\u00e3o Hidroenerg\u00e9tica (CREG), criada por meio da Medida Provis\u00f3ria n\u00ba 1.055\/2021, a bandeira Escassez H\u00eddrica visa a fortalecer o enfrentamento do per\u00edodo de escassez de recursos h\u00eddricos, o pior em 91 anos, que reduz a produ\u00e7\u00e3o nas usinas hidrel\u00e9tricas e aumenta o pre\u00e7o da energia. A bandeira Escassez H\u00eddrica seguir\u00e1 em vigor at\u00e9 abril de 2022.<\/p>\n<p>Os adicionais de bandeiras tarif\u00e1rias na conta de luz dos consumidores que possuem direito \u00e0 Tarifa Social de Energia El\u00e9trica seguem os mesmos percentuais de descontos que s\u00e3o estabelecidos por faixa de consumo. Isso significa que as fam\u00edlias de baixa renda, inscritas no programa de Tarifa Social, pagam as bandeiras com os mesmos descontos que j\u00e1 possuem nas tarifas, de 10% a 65%, dependendo da faixa de consumo.\u200b<\/p>\n<p>Fonte: Aneel<\/p>\n","protected":false},"excerpt":{"rendered":"<p>A Ag\u00eancia Nacional de Energia El\u00e9trica (Aneel) anunciou nesta sexta-feira (29) a bandeira tarif\u00e1ria amarela no m\u00eas de novembro para os consumidores que recebem o&#8230;<\/p>\n","protected":false},"author":1527,"featured_media":32563,"comment_status":"closed","ping_status":"closed","sticky":false,"template":"","format":"standard","meta":{"footnotes":""},"categories":[6],"tags":[],"class_list":["post-36347","post","type-post","status-publish","format-standard","has-post-thumbnail","hentry","category-noticias"],"_links":{"self":[{"href":"https:\/\/www.sincomam.org.br\/index.php\/wp-json\/wp\/v2\/posts\/36347","targetHints":{"allow":["GET"]}}],"collection":[{"href":"https:\/\/www.sincomam.org.br\/index.php\/wp-json\/wp\/v2\/posts"}],"about":[{"href":"https:\/\/www.sincomam.org.br\/index.php\/wp-json\/wp\/v2\/types\/post"}],"author":[{"embeddable":true,"href":"https:\/\/www.sincomam.org.br\/index.php\/wp-json\/wp\/v2\/users\/1527"}],"replies":[{"embeddable":true,"href":"https:\/\/www.sincomam.org.br\/index.php\/wp-json\/wp\/v2\/comments?post=36347"}],"version-history":[{"count":1,"href":"https:\/\/www.sincomam.org.br\/index.php\/wp-json\/wp\/v2\/posts\/36347\/revisions"}],"predecessor-version":[{"id":36348,"href":"https:\/\/www.sincomam.org.br\/index.php\/wp-json\/wp\/v2\/posts\/36347\/revisions\/36348"}],"wp:featuredmedia":[{"embeddable":true,"href":"https:\/\/www.sincomam.org.br\/index.php\/wp-json\/wp\/v2\/media\/32563"}],"wp:attachment":[{"href":"https:\/\/www.sincomam.org.br\/index.php\/wp-json\/wp\/v2\/media?parent=36347"}],"wp:term":[{"taxonomy":"category","embeddable":true,"href":"https:\/\/www.sincomam.org.br\/index.php\/wp-json\/wp\/v2\/categories?post=36347"},{"taxonomy":"post_tag","embeddable":true,"href":"https:\/\/www.sincomam.org.br\/index.php\/wp-json\/wp\/v2\/tags?post=36347"}],"curies":[{"name":"wp","href":"https:\/\/api.w.org\/{rel}","templated":true}]}}