{"id":36324,"date":"2021-10-29T10:03:51","date_gmt":"2021-10-29T13:03:51","guid":{"rendered":"http:\/\/www.sincomam.org.br\/?p=36324"},"modified":"2021-10-29T10:03:51","modified_gmt":"2021-10-29T13:03:51","slug":"programa-formare-da-santos-brasil-forma-15a-turma","status":"publish","type":"post","link":"https:\/\/www.sincomam.org.br\/index.php\/programa-formare-da-santos-brasil-forma-15a-turma\/","title":{"rendered":"Programa Formare da Santos Brasil forma 15\u00aa turma"},"content":{"rendered":"<p>A 15\u00aa Turma do Programa Formare Aprendiz da Santos Brasil, empresa refer\u00eancia em opera\u00e7\u00f5es portu\u00e1rias e log\u00edsticas, celebrou na \u00faltima quinta-feira (28) a conclus\u00e3o das aulas no Tecon Santos com a presen\u00e7a dos formandos, executivos da empresa, educadores volunt\u00e1rios e convidados.<\/p>\n<p>Incentivado pela Santos Brasil desde 2009, o Formare \u00e9 um programa social de educa\u00e7\u00e3o profissional para jovens em situa\u00e7\u00e3o de vulnerabilidade social realizado em parceria com a Funda\u00e7\u00e3o Iochpe. Baseado numa pr\u00e1tica pedag\u00f3gica inovadora, sintonizada com as transforma\u00e7\u00f5es do mundo e as demandas do mercado de trabalho, conta tamb\u00e9m com eixo do voluntariado corporativo. Na Companhia, cerca de 500 profissionais compartilharam seu tempo, talento e conhecimento para atuar na forma\u00e7\u00e3o de jovens, ministrando aulas pr\u00e1ticas e te\u00f3ricas.<\/p>\n<p>Segundo B\u00e9atrice de Toledo Dupuy, gerente de comunica\u00e7\u00e3o e sustentabilidade, o investimento nesta iniciativa est\u00e1 em sintonia com a diretriz da empresa em apoiar a\u00e7\u00f5es de inclus\u00e3o social com \u00eanfase em educa\u00e7\u00e3o, buscando promo\u00e7\u00e3o da cidadania e desenvolvimento da sociedade. \u201cA Santos Brasil \u00e9 signat\u00e1ria do Pacto Global da ONU desde 2013 e est\u00e1 alinhada aos Objetivos do Desenvolvimento Social (ODS). Com o Formare ainda procuramos atender a uma necessidade de todo setor portu\u00e1rio por novos profissionais qualificados, facilitando a entrada destes jovens no mercado de trabalho\u201d, diz.<\/p>\n<p>Uma novidade para a turma rec\u00e9m-formada e que passa a integrar a grade curricular do Programa, \u00e9 a forma\u00e7\u00e3o Yellow Belt, que capacitou os aprendizes nas metodologias Lean e Six Sigma para aplicarem ferramentas anal\u00edticas a fim de promover a melhoria dos processos da empresa. Esse \u00e9 um diferencial de transforma\u00e7\u00e3o e que apoia os jovens no processo de empregabilidade. O programa \u00e9 reconhecido por garantir alto \u00edndice de contrata\u00e7\u00f5es para seus alunos e promove a cidadania entre empresas e comunidades. Desde sua primeira edi\u00e7\u00e3o, o projeto j\u00e1 formou 291 jovens e, destes, 106 foram contratados pela Companhia.<\/p>\n<p><strong>N\u00fameros do Formare na Santos Brasil:<br \/>\n<\/strong>291 jovens formados desde 2009.<br \/>\n106 jovens contratados (+15% dos contratados foram promovidos nos primeiros dois anos).<br \/>\nM\u00e9dia salarial de jovens que cursaram o Programa Formare e posteriormente empregados \u00e9 de 54,9% acima do sal\u00e1rio m\u00ednimo nacional.<br \/>\n64,5% dos ex-alunos seguiram nos estudos e\/ou se matricularam em cursos t\u00e9cnicos e superiores.<br \/>\n100 educadores volunt\u00e1rios envolvidos com o programa.<br \/>\nNos \u00faltimos 12 anos, cerca de 500 funcion\u00e1rios engajaram-se no programa como educadores volunt\u00e1rios.<\/p>\n<p><strong>Sobre a Santos Brasil:<br \/>\n<\/strong>A Santos Brasil \u00e9 refer\u00eancia em opera\u00e7\u00f5es portu\u00e1rias e log\u00edsticas. Foi criada h\u00e1 23 anos para operar o Tecon Santos (SP), maior e mais eficiente terminal de cont\u00eaineres da Am\u00e9rica do Sul. Neste per\u00edodo, j\u00e1 investiu mais de R$ 5 bilh\u00f5es, calculados a valor presente, em aquisi\u00e7\u00f5es, expans\u00f5es, novos equipamentos e tecnologia, contribuindo para o desenvolvimento do com\u00e9rcio exterior brasileiro. Atua nacionalmente por meio dez terminais estrategicamente localizados \u2013 sendo tr\u00eas de cont\u00eaineres (Tecon Santos em SP, Tecon Imbituba em SC e Tecon Vila do Conde no PA), um de ve\u00edculos em Santos;(SP), tr\u00eas de carga geral (um em Imbituba e dois arrendamentos tempor\u00e1rios em Santos, na margem direita do porto), e tr\u00eas de gran\u00e9is l\u00edquidos rec\u00e9m arrematados em Itaqui (MA). Atrav\u00e9s da Santos Brasil Log\u00edstica, que opera de maneira integrada aos terminais, oferece solu\u00e7\u00f5es completas do porto ao e-commerce aos seus mais de 9.400 clientes.<\/p>\n<p>A Santos Brasil \u00e9 listada no Novo Mercado da B3, o mais elevado padr\u00e3o de governan\u00e7a corporativa; signat\u00e1ria do Pacto Global, da ONU, que mobiliza empresas para o avan\u00e7o relacionado \u00e0 sustentabilidade; e faz parte do \u00edndice SP\/B3 ESG.<\/p>\n<p>Fonte: Santaportal<\/p>\n","protected":false},"excerpt":{"rendered":"<p>A 15\u00aa Turma do Programa Formare Aprendiz da Santos Brasil, empresa refer\u00eancia em opera\u00e7\u00f5es portu\u00e1rias e log\u00edsticas, celebrou na \u00faltima quinta-feira (28) a conclus\u00e3o das&#8230;<\/p>\n","protected":false},"author":1527,"featured_media":19106,"comment_status":"closed","ping_status":"closed","sticky":false,"template":"","format":"standard","meta":{"footnotes":""},"categories":[6],"tags":[],"class_list":["post-36324","post","type-post","status-publish","format-standard","has-post-thumbnail","hentry","category-noticias"],"_links":{"self":[{"href":"https:\/\/www.sincomam.org.br\/index.php\/wp-json\/wp\/v2\/posts\/36324","targetHints":{"allow":["GET"]}}],"collection":[{"href":"https:\/\/www.sincomam.org.br\/index.php\/wp-json\/wp\/v2\/posts"}],"about":[{"href":"https:\/\/www.sincomam.org.br\/index.php\/wp-json\/wp\/v2\/types\/post"}],"author":[{"embeddable":true,"href":"https:\/\/www.sincomam.org.br\/index.php\/wp-json\/wp\/v2\/users\/1527"}],"replies":[{"embeddable":true,"href":"https:\/\/www.sincomam.org.br\/index.php\/wp-json\/wp\/v2\/comments?post=36324"}],"version-history":[{"count":1,"href":"https:\/\/www.sincomam.org.br\/index.php\/wp-json\/wp\/v2\/posts\/36324\/revisions"}],"predecessor-version":[{"id":36325,"href":"https:\/\/www.sincomam.org.br\/index.php\/wp-json\/wp\/v2\/posts\/36324\/revisions\/36325"}],"wp:featuredmedia":[{"embeddable":true,"href":"https:\/\/www.sincomam.org.br\/index.php\/wp-json\/wp\/v2\/media\/19106"}],"wp:attachment":[{"href":"https:\/\/www.sincomam.org.br\/index.php\/wp-json\/wp\/v2\/media?parent=36324"}],"wp:term":[{"taxonomy":"category","embeddable":true,"href":"https:\/\/www.sincomam.org.br\/index.php\/wp-json\/wp\/v2\/categories?post=36324"},{"taxonomy":"post_tag","embeddable":true,"href":"https:\/\/www.sincomam.org.br\/index.php\/wp-json\/wp\/v2\/tags?post=36324"}],"curies":[{"name":"wp","href":"https:\/\/api.w.org\/{rel}","templated":true}]}}