{"id":36321,"date":"2021-10-29T10:00:11","date_gmt":"2021-10-29T13:00:11","guid":{"rendered":"http:\/\/www.sincomam.org.br\/?p=36321"},"modified":"2021-10-29T10:00:11","modified_gmt":"2021-10-29T13:00:11","slug":"g20-quer-70-do-mundo-vacinado-ate-meados-de-2022-cria-forca-tarefa-para-o-combate-a-pandemia","status":"publish","type":"post","link":"https:\/\/www.sincomam.org.br\/index.php\/g20-quer-70-do-mundo-vacinado-ate-meados-de-2022-cria-forca-tarefa-para-o-combate-a-pandemia\/","title":{"rendered":"G20 quer 70% do mundo vacinado at\u00e9 meados de 2022, cria for\u00e7a-tarefa para o combate \u00e0 pandemia"},"content":{"rendered":"<p>Em Roma, ministros das finan\u00e7as e da sa\u00fade das 20 maiores economias do mundo (G20) disseram nesta sexta-feira (29) que queriam 70% da popula\u00e7\u00e3o mundial vacinada contra COVID-19 nos pr\u00f3ximos oito meses e criaram uma for\u00e7a-tarefa para lutar melhor a pandemia. &#8220;Para ajudar a avan\u00e7ar em dire\u00e7\u00e3o \u00e0s metas globais de vacina\u00e7\u00e3o de pelo menos 40% da popula\u00e7\u00e3o em todos os pa\u00edses at\u00e9 o final de 2021 e 70% at\u00e9 meados de 2022 &#8230; tomaremos medidas para ajudar a aumentar o fornecimento de vacinas e produtos m\u00e9dicos essenciais e insumos em pa\u00edses em desenvolvimento e remover restri\u00e7\u00f5es de fornecimento e financiamento relevantes &#8220;, disseram os ministros do G20 em um comunicado visto pela Reuters.<\/p>\n<p>&#8220;Estabelecemos uma For\u00e7a Tarefa Conjunta de Finan\u00e7as e Sa\u00fade do G20 com o objetivo de melhorar o di\u00e1logo e a coopera\u00e7\u00e3o global em quest\u00f5es relacionadas \u00e0 prepara\u00e7\u00e3o e resposta \u00e0 preven\u00e7\u00e3o de pandemias, promovendo o interc\u00e2mbio de experi\u00eancias e melhores pr\u00e1ticas, desenvolvendo acordos de coordena\u00e7\u00e3o entre os Minist\u00e9rios das Finan\u00e7as e da Sa\u00fade, promovendo a\u00e7\u00e3o coletiva, avaliando e abordando emerg\u00eancias de sa\u00fade com impacto transfronteiri\u00e7o e encorajando uma administra\u00e7\u00e3o eficaz de recursos &#8220;, disse o comunicado.<\/p>\n<p>Fonte: Ag\u00eancia Reuters<\/p>\n","protected":false},"excerpt":{"rendered":"<p>Em Roma, ministros das finan\u00e7as e da sa\u00fade das 20 maiores economias do mundo (G20) disseram nesta sexta-feira (29) que queriam 70% da popula\u00e7\u00e3o mundial&#8230;<\/p>\n","protected":false},"author":1527,"featured_media":34987,"comment_status":"closed","ping_status":"closed","sticky":false,"template":"","format":"standard","meta":{"footnotes":""},"categories":[6],"tags":[],"class_list":["post-36321","post","type-post","status-publish","format-standard","has-post-thumbnail","hentry","category-noticias"],"_links":{"self":[{"href":"https:\/\/www.sincomam.org.br\/index.php\/wp-json\/wp\/v2\/posts\/36321","targetHints":{"allow":["GET"]}}],"collection":[{"href":"https:\/\/www.sincomam.org.br\/index.php\/wp-json\/wp\/v2\/posts"}],"about":[{"href":"https:\/\/www.sincomam.org.br\/index.php\/wp-json\/wp\/v2\/types\/post"}],"author":[{"embeddable":true,"href":"https:\/\/www.sincomam.org.br\/index.php\/wp-json\/wp\/v2\/users\/1527"}],"replies":[{"embeddable":true,"href":"https:\/\/www.sincomam.org.br\/index.php\/wp-json\/wp\/v2\/comments?post=36321"}],"version-history":[{"count":1,"href":"https:\/\/www.sincomam.org.br\/index.php\/wp-json\/wp\/v2\/posts\/36321\/revisions"}],"predecessor-version":[{"id":36322,"href":"https:\/\/www.sincomam.org.br\/index.php\/wp-json\/wp\/v2\/posts\/36321\/revisions\/36322"}],"wp:featuredmedia":[{"embeddable":true,"href":"https:\/\/www.sincomam.org.br\/index.php\/wp-json\/wp\/v2\/media\/34987"}],"wp:attachment":[{"href":"https:\/\/www.sincomam.org.br\/index.php\/wp-json\/wp\/v2\/media?parent=36321"}],"wp:term":[{"taxonomy":"category","embeddable":true,"href":"https:\/\/www.sincomam.org.br\/index.php\/wp-json\/wp\/v2\/categories?post=36321"},{"taxonomy":"post_tag","embeddable":true,"href":"https:\/\/www.sincomam.org.br\/index.php\/wp-json\/wp\/v2\/tags?post=36321"}],"curies":[{"name":"wp","href":"https:\/\/api.w.org\/{rel}","templated":true}]}}