{"id":36312,"date":"2021-10-28T00:23:04","date_gmt":"2021-10-28T03:23:04","guid":{"rendered":"http:\/\/www.sincomam.org.br\/?p=36312"},"modified":"2021-10-28T00:23:04","modified_gmt":"2021-10-28T03:23:04","slug":"copom-eleva-juros-basicos-da-economia-para-775-ao-ano-e-surpreende-mercado-financeiro","status":"publish","type":"post","link":"https:\/\/www.sincomam.org.br\/index.php\/copom-eleva-juros-basicos-da-economia-para-775-ao-ano-e-surpreende-mercado-financeiro\/","title":{"rendered":"Copom eleva juros b\u00e1sicos da economia para 7,75% ao ano e surpreende mercado financeiro"},"content":{"rendered":"<p>Em meio ao aumento da infla\u00e7\u00e3o de alimentos, combust\u00edveis e energia, o Banco Central (BC) apertou ainda mais os cintos na pol\u00edtica monet\u00e1ria. Por unanimidade, o Comit\u00ea de Pol\u00edtica Monet\u00e1ria (Copom) elevou a taxa Selic, juros b\u00e1sicos da economia, de 6,25% para 7,75% ao ano. A decis\u00e3o surpreendeu os analistas financeiros, que esperavam reajuste para 7,5% ao ano.<\/p>\n<p>Em comunicado, o Copom informou que a instabilidade no mercado financeiro provocada pela decis\u00e3o de mudar o c\u00e1lculo do teto de gastos fez o BC aumentar ainda mais o ritmo de aperto monet\u00e1rio. Na avalia\u00e7\u00e3o do \u00f3rg\u00e3o, os acontecimentos recentes elevaram o risco de a infla\u00e7\u00e3o subir mais que o previsto, justificando a alta dos juros.<\/p>\n<p>\u201cApesar do desempenho mais positivo das contas p\u00fablicas, o Comit\u00ea avalia que recentes questionamentos em rela\u00e7\u00e3o ao arcabou\u00e7o fiscal elevaram o risco de desancoragem das expectativas de infla\u00e7\u00e3o, aumentando a assimetria altista no balan\u00e7o de riscos. Isso implica maior probabilidade de trajet\u00f3rias para infla\u00e7\u00e3o acima do projetado de acordo com o cen\u00e1rio b\u00e1sico\u201d, destacou o texto. O Copom informou que tamb\u00e9m dever\u00e1 elevar a Selic em 1,5 ponto percentual na pr\u00f3xima reuni\u00e3o do \u00f3rg\u00e3o, em dezembro. A taxa est\u00e1 no n\u00edvel mais alto desde outubro de 2017, quando tamb\u00e9m estava em 8,25% ao ano. Esse foi o sexto reajuste consecutivo na taxa Selic. De mar\u00e7o a junho, o Copom tinha elevado a taxa em 0,75 ponto percentual em cada encontro. No in\u00edcio de agosto, o BC passou a aumentar a Selic em 1 ponto a cada reuni\u00e3o. Com a alta da infla\u00e7\u00e3o e o agravamento das tens\u00f5es no mercado financeiro, o reajuste passou para 1,25 ponto em setembro.<\/p>\n<p>Com a decis\u00e3o desta quarta-feira (27), a Selic continua num ciclo de alta, depois de passar seis anos em ser elevada. De julho de 2015 a outubro de 2016, a taxa permaneceu em 14,25% ao ano. Depois disso, o Copom voltou a reduzir os juros b\u00e1sicos da economia at\u00e9 que a taxa chegasse a 6,5% ao ano em mar\u00e7o de 2018. A Selic voltou a ser reduzida em agosto de 2019 at\u00e9 alcan\u00e7ar 2% ao ano em agosto de 2020, influenciada pela contra\u00e7\u00e3o econ\u00f4mica gerada pela pandemia de covid-19. Esse era o menor n\u00edvel da s\u00e9rie hist\u00f3rica iniciada em 1986. Esse foi o maior aperto monet\u00e1rio em quase 20 anos. A \u00faltima vez em que o Copom tinha elevado a Selic em mais de 1 ponto percentual tinha sido em dezembro de 2002. Na ocasi\u00e3o, a taxa tinha passado de 22% para 25% ao ano, com alta de 3 pontos.<\/p>\n<p><strong>Infla\u00e7\u00e3o<br \/>\n<\/strong>A Selic \u00e9 o principal instrumento do Banco Central para manter sob controle a infla\u00e7\u00e3o oficial, medida pelo \u00cdndice Nacional de Pre\u00e7os ao Consumidor Amplo (IPCA). Em setembro, o indicador fechou no maior n\u00edvel para o m\u00eas desde 1994 e acumula 10,25% em 12 meses, pressionado pelo d\u00f3lar, pelos combust\u00edveis e pela alta da energia el\u00e9trica.<\/p>\n<p>O valor est\u00e1 acima do teto da meta de infla\u00e7\u00e3o. Para 2021, o Conselho Monet\u00e1rio Nacional (CMN) tinha fixado meta de infla\u00e7\u00e3o de 3,75%, com margem de toler\u00e2ncia de 1,5 ponto percentual. O IPCA, portanto, n\u00e3o podia superar 5,25% neste ano nem ficar abaixo de 2,25%. No Relat\u00f3rio de Infla\u00e7\u00e3o divulgado no fim de setembro pelo Banco Central, a autoridade monet\u00e1ria estimava que, em 2021, o IPCA fecharia o ano em 8,5% no cen\u00e1rio base. A proje\u00e7\u00e3o, no entanto, pode estar desatualizada com a possibilidade de que o teto de gastos seja alterado. A proje\u00e7\u00e3o est\u00e1 abaixo das previs\u00f5es do mercado. De acordo com o boletim Focus, pesquisa semanal com institui\u00e7\u00f5es financeiras divulgada pelo BC, a infla\u00e7\u00e3o oficial dever\u00e1 fechar o ano em 8,96%. A proje\u00e7\u00e3o oficial s\u00f3 ser\u00e1 atualizada no pr\u00f3ximo Relat\u00f3rio de Infla\u00e7\u00e3o, que ser\u00e1 divulgado em dezembro.<\/p>\n<p><strong>Cr\u00e9dito mais caro<br \/>\n<\/strong>A eleva\u00e7\u00e3o da taxa Selic ajuda a controlar a infla\u00e7\u00e3o. Isso porque juros maiores encarecem o cr\u00e9dito e desestimulam a produ\u00e7\u00e3o e o consumo. Por outro lado, taxas mais altas dificultam a recupera\u00e7\u00e3o da economia. No \u00faltimo Relat\u00f3rio de Infla\u00e7\u00e3o, o Banco Central projetava crescimento de 4,7% para a economia em 2021. O mercado projeta crescimento maior. Segundo a \u00faltima edi\u00e7\u00e3o do boletim Focus, os analistas econ\u00f4micos preveem expans\u00e3o de 4,97% do Produto Interno Bruto (PIB, soma dos bens e servi\u00e7os produzidos pelo pa\u00eds) neste ano. A proje\u00e7\u00e3o est\u00e1 desacelerando por causa da persist\u00eancia da infla\u00e7\u00e3o e da alta dos juros.<\/p>\n<p>A taxa b\u00e1sica de juros \u00e9 usada nas negocia\u00e7\u00f5es de t\u00edtulos p\u00fablicos no Sistema Especial de Liquida\u00e7\u00e3o e Cust\u00f3dia (Selic) e serve de refer\u00eancia para as demais taxas de juros da economia. Ao reajust\u00e1-la para cima, o Banco Central segura o excesso de demanda que pressiona os pre\u00e7os, porque juros mais altos encarecem o cr\u00e9dito e estimulam a poupan\u00e7a. Ao reduzir os juros b\u00e1sicos, o Copom barateia o cr\u00e9dito e incentiva a produ\u00e7\u00e3o e o consumo, mas enfraquece o controle da infla\u00e7\u00e3o. Para cortar a Selic, a autoridade monet\u00e1ria precisa estar segura de que os pre\u00e7os est\u00e3o sob controle e n\u00e3o correm risco de subir.<\/p>\n<p>Fonte: Ag\u00eancia Brasil<\/p>\n","protected":false},"excerpt":{"rendered":"<p>Em meio ao aumento da infla\u00e7\u00e3o de alimentos, combust\u00edveis e energia, o Banco Central (BC) apertou ainda mais os cintos na pol\u00edtica monet\u00e1ria. Por unanimidade,&#8230;<\/p>\n","protected":false},"author":1527,"featured_media":17837,"comment_status":"closed","ping_status":"closed","sticky":false,"template":"","format":"standard","meta":{"footnotes":""},"categories":[6],"tags":[],"class_list":["post-36312","post","type-post","status-publish","format-standard","has-post-thumbnail","hentry","category-noticias"],"_links":{"self":[{"href":"https:\/\/www.sincomam.org.br\/index.php\/wp-json\/wp\/v2\/posts\/36312","targetHints":{"allow":["GET"]}}],"collection":[{"href":"https:\/\/www.sincomam.org.br\/index.php\/wp-json\/wp\/v2\/posts"}],"about":[{"href":"https:\/\/www.sincomam.org.br\/index.php\/wp-json\/wp\/v2\/types\/post"}],"author":[{"embeddable":true,"href":"https:\/\/www.sincomam.org.br\/index.php\/wp-json\/wp\/v2\/users\/1527"}],"replies":[{"embeddable":true,"href":"https:\/\/www.sincomam.org.br\/index.php\/wp-json\/wp\/v2\/comments?post=36312"}],"version-history":[{"count":1,"href":"https:\/\/www.sincomam.org.br\/index.php\/wp-json\/wp\/v2\/posts\/36312\/revisions"}],"predecessor-version":[{"id":36313,"href":"https:\/\/www.sincomam.org.br\/index.php\/wp-json\/wp\/v2\/posts\/36312\/revisions\/36313"}],"wp:featuredmedia":[{"embeddable":true,"href":"https:\/\/www.sincomam.org.br\/index.php\/wp-json\/wp\/v2\/media\/17837"}],"wp:attachment":[{"href":"https:\/\/www.sincomam.org.br\/index.php\/wp-json\/wp\/v2\/media?parent=36312"}],"wp:term":[{"taxonomy":"category","embeddable":true,"href":"https:\/\/www.sincomam.org.br\/index.php\/wp-json\/wp\/v2\/categories?post=36312"},{"taxonomy":"post_tag","embeddable":true,"href":"https:\/\/www.sincomam.org.br\/index.php\/wp-json\/wp\/v2\/tags?post=36312"}],"curies":[{"name":"wp","href":"https:\/\/api.w.org\/{rel}","templated":true}]}}