{"id":36308,"date":"2021-10-28T00:12:00","date_gmt":"2021-10-28T03:12:00","guid":{"rendered":"http:\/\/www.sincomam.org.br\/?p=36308"},"modified":"2021-10-28T00:12:00","modified_gmt":"2021-10-28T03:12:00","slug":"geracao-de-energia-usina-solar-fotovoltaica-inicia-operacao-na-bahia","status":"publish","type":"post","link":"https:\/\/www.sincomam.org.br\/index.php\/geracao-de-energia-usina-solar-fotovoltaica-inicia-operacao-na-bahia\/","title":{"rendered":"Gera\u00e7\u00e3o de Energia: usina solar fotovoltaica inicia opera\u00e7\u00e3o na Bahia"},"content":{"rendered":"<p>A Ag\u00eancia Nacional de Energia El\u00e9trica (Aneel) autorizou, a partir desta quinta-feira amanh\u00e3 (28), o in\u00edcio da opera\u00e7\u00e3o comercial da Usina Solar Fotovoltaica UFV Juazeiro V, com capacidade instalada de 47,2 MW. Localizada no Munic\u00edpio de Juazeiro, Estado da Bahia, a UFV Juazeiro V representa a conclus\u00e3o de importante etapa de um complexo de energia solar, limpa e renov\u00e1vel, em importante regi\u00e3o do Nordeste brasileiro.<\/p>\n<p>Fazem parte do complexo as UFV Juazeiro I a IV, em opera\u00e7\u00e3o desde 2018. A entrada da UFV Juazeiro V, constitui a continuidade do complexo, que ainda conta com as UFV Juazeiro VI a VIII, em fase avan\u00e7ada de obras, com previs\u00e3o de conclus\u00e3o at\u00e9 o final do ano.<\/p>\n<p>Tamb\u00e9m foi autorizado o in\u00edcio dos testes de unidades geradoras da UTE Veolia Bigua\u00e7u e Serra do Mato IV, al\u00e9m da opera\u00e7\u00e3o comercial de 5 unidades geradoras da E\u00f3lica Serra do Mato I.<\/p>\n<p>Fonte: Aneel<\/p>\n","protected":false},"excerpt":{"rendered":"<p>A Ag\u00eancia Nacional de Energia El\u00e9trica (Aneel) autorizou, a partir desta quinta-feira amanh\u00e3 (28), o in\u00edcio da opera\u00e7\u00e3o comercial da Usina Solar Fotovoltaica UFV Juazeiro&#8230;<\/p>\n","protected":false},"author":1527,"featured_media":5319,"comment_status":"closed","ping_status":"closed","sticky":false,"template":"","format":"standard","meta":{"footnotes":""},"categories":[6],"tags":[],"class_list":["post-36308","post","type-post","status-publish","format-standard","has-post-thumbnail","hentry","category-noticias"],"_links":{"self":[{"href":"https:\/\/www.sincomam.org.br\/index.php\/wp-json\/wp\/v2\/posts\/36308","targetHints":{"allow":["GET"]}}],"collection":[{"href":"https:\/\/www.sincomam.org.br\/index.php\/wp-json\/wp\/v2\/posts"}],"about":[{"href":"https:\/\/www.sincomam.org.br\/index.php\/wp-json\/wp\/v2\/types\/post"}],"author":[{"embeddable":true,"href":"https:\/\/www.sincomam.org.br\/index.php\/wp-json\/wp\/v2\/users\/1527"}],"replies":[{"embeddable":true,"href":"https:\/\/www.sincomam.org.br\/index.php\/wp-json\/wp\/v2\/comments?post=36308"}],"version-history":[{"count":1,"href":"https:\/\/www.sincomam.org.br\/index.php\/wp-json\/wp\/v2\/posts\/36308\/revisions"}],"predecessor-version":[{"id":36309,"href":"https:\/\/www.sincomam.org.br\/index.php\/wp-json\/wp\/v2\/posts\/36308\/revisions\/36309"}],"wp:featuredmedia":[{"embeddable":true,"href":"https:\/\/www.sincomam.org.br\/index.php\/wp-json\/wp\/v2\/media\/5319"}],"wp:attachment":[{"href":"https:\/\/www.sincomam.org.br\/index.php\/wp-json\/wp\/v2\/media?parent=36308"}],"wp:term":[{"taxonomy":"category","embeddable":true,"href":"https:\/\/www.sincomam.org.br\/index.php\/wp-json\/wp\/v2\/categories?post=36308"},{"taxonomy":"post_tag","embeddable":true,"href":"https:\/\/www.sincomam.org.br\/index.php\/wp-json\/wp\/v2\/tags?post=36308"}],"curies":[{"name":"wp","href":"https:\/\/api.w.org\/{rel}","templated":true}]}}