{"id":36294,"date":"2021-10-27T09:30:17","date_gmt":"2021-10-27T12:30:17","guid":{"rendered":"http:\/\/www.sincomam.org.br\/?p=36294"},"modified":"2021-10-27T09:30:17","modified_gmt":"2021-10-27T12:30:17","slug":"consulta-publica-debatera-regras-de-transicao-para-geradores-que-participaram-de-leiloes-de-energia","status":"publish","type":"post","link":"https:\/\/www.sincomam.org.br\/index.php\/consulta-publica-debatera-regras-de-transicao-para-geradores-que-participaram-de-leiloes-de-energia\/","title":{"rendered":"Consulta p\u00fablica debater\u00e1 regras de transi\u00e7\u00e3o para geradores que participaram de leil\u00f5es de energia"},"content":{"rendered":"<p>A diretoria da Ag\u00eancia Nacional de Energia El\u00e9trica (Aneel) autorizou abertura de Consulta P\u00fablica (CP 067\/2021) para debater proposta de aperfei\u00e7oamento do artigo 8\u00ba da Resolu\u00e7\u00e3o Normativa (REN)\u00a0 n\u00ba 559\/2013, que trata da aplica\u00e7\u00e3o de regra de transi\u00e7\u00e3o para geradores que participaram de leiloes de energia. As contribui\u00e7\u00f5es poder\u00e3o ser encaminhadas a partir desta quarta-feira (27\/10) para o e-mail cp067_2021@aneel.gov.br.\u00a0 O prazo para a Aneel receber as sugest\u00f5es vai at\u00e9 o dia 10 de novembro.<\/p>\n<p>A Consulta P\u00fablica dever\u00e1 analisar questionamentos de agentes sobre a norma de transi\u00e7\u00e3o da Tarifa de Uso do Sistema de Transmiss\u00e3o (TUST) para geradores participantes de leil\u00f5es de energia antes da entrada em vig\u00eancia da REN 559\/2013. Esta Resolu\u00e7\u00e3o estabeleceu novos procedimentos de c\u00e1lculo da TUST, como o rec\u00e1lculo das TUSTs estabilizadas.<\/p>\n<p>Segundo o diretor-relator Sandoval Feitosa, \u201cas altera\u00e7\u00f5es promovidas pela REN n\u00e3o resultaram na modifica\u00e7\u00e3o da metodologia original de c\u00e1lculo. As altera\u00e7\u00f5es se limitaram a procedimentos que visavam a simplifica\u00e7\u00e3o e a estabilidade tarif\u00e1ria dos geradores. Nesse contexto, o mecanismo do art. 8\u00ba visou a conten\u00e7\u00e3o de volatilidade nas circunst\u00e2ncias dos rec\u00e1lculos tarif\u00e1rios indistintamente, uma vez que essa era uma premissa balizadora da revis\u00e3o da norma\u201d.<\/p>\n<p>Fonte: Aneel<\/p>\n<p>&nbsp;<\/p>\n","protected":false},"excerpt":{"rendered":"<p>A diretoria da Ag\u00eancia Nacional de Energia El\u00e9trica (Aneel) autorizou abertura de Consulta P\u00fablica (CP 067\/2021) para debater proposta de aperfei\u00e7oamento do artigo 8\u00ba da&#8230;<\/p>\n","protected":false},"author":1527,"featured_media":4294,"comment_status":"closed","ping_status":"closed","sticky":false,"template":"","format":"standard","meta":{"footnotes":""},"categories":[6],"tags":[],"class_list":["post-36294","post","type-post","status-publish","format-standard","has-post-thumbnail","hentry","category-noticias"],"_links":{"self":[{"href":"https:\/\/www.sincomam.org.br\/index.php\/wp-json\/wp\/v2\/posts\/36294","targetHints":{"allow":["GET"]}}],"collection":[{"href":"https:\/\/www.sincomam.org.br\/index.php\/wp-json\/wp\/v2\/posts"}],"about":[{"href":"https:\/\/www.sincomam.org.br\/index.php\/wp-json\/wp\/v2\/types\/post"}],"author":[{"embeddable":true,"href":"https:\/\/www.sincomam.org.br\/index.php\/wp-json\/wp\/v2\/users\/1527"}],"replies":[{"embeddable":true,"href":"https:\/\/www.sincomam.org.br\/index.php\/wp-json\/wp\/v2\/comments?post=36294"}],"version-history":[{"count":1,"href":"https:\/\/www.sincomam.org.br\/index.php\/wp-json\/wp\/v2\/posts\/36294\/revisions"}],"predecessor-version":[{"id":36295,"href":"https:\/\/www.sincomam.org.br\/index.php\/wp-json\/wp\/v2\/posts\/36294\/revisions\/36295"}],"wp:featuredmedia":[{"embeddable":true,"href":"https:\/\/www.sincomam.org.br\/index.php\/wp-json\/wp\/v2\/media\/4294"}],"wp:attachment":[{"href":"https:\/\/www.sincomam.org.br\/index.php\/wp-json\/wp\/v2\/media?parent=36294"}],"wp:term":[{"taxonomy":"category","embeddable":true,"href":"https:\/\/www.sincomam.org.br\/index.php\/wp-json\/wp\/v2\/categories?post=36294"},{"taxonomy":"post_tag","embeddable":true,"href":"https:\/\/www.sincomam.org.br\/index.php\/wp-json\/wp\/v2\/tags?post=36294"}],"curies":[{"name":"wp","href":"https:\/\/api.w.org\/{rel}","templated":true}]}}