{"id":36282,"date":"2021-10-26T10:37:58","date_gmt":"2021-10-26T13:37:58","guid":{"rendered":"http:\/\/www.sincomam.org.br\/?p=36282"},"modified":"2021-10-26T10:36:31","modified_gmt":"2021-10-26T13:36:31","slug":"petrobras-anuncia-novo-aumento-da-gasolina-e-do-diesel-nas-refinarias-a-partir-desta-terca-feira","status":"publish","type":"post","link":"https:\/\/www.sincomam.org.br\/index.php\/petrobras-anuncia-novo-aumento-da-gasolina-e-do-diesel-nas-refinarias-a-partir-desta-terca-feira\/","title":{"rendered":"Petrobras anuncia novo aumento da gasolina e do diesel nas refinarias, a partir desta ter\u00e7a-feira"},"content":{"rendered":"<p>A Petrobras anunciou nesta segunda-feira (25) que vai reajustar os pre\u00e7os da gasolina e do diesel em suas refinarias a partir de hoje (26). O litro da gasolina vendido pela empresa \u00e0s distribuidoras passar\u00e1 de R$ 2,98 para R$ 3,19, o que representa um aumento de R$ 0,21 ou de cerca de 7%. A Petrobras afirma que a parcela da gasolina vendida nas refinarias no pre\u00e7o final do produto encontrado nos postos chegar\u00e1 a R$ 2,33, com um aumento de R$ 0,15. A varia\u00e7\u00e3o \u00e9 menor que os R$ 0,21 de reajuste nas refinarias porque a gasolina tem uma mistura obrigat\u00f3ria de 27% de etanol anidro.<\/p>\n<p>J\u00e1 o litro do diesel passar\u00e1 a ser vendido por R$ 3,34 nas refinarias da Petrobras, o que representa um aumento de cerca de 9% sobre o pre\u00e7o m\u00e9dio atual, de R$ 3,06. No caso do diesel, a Petrobras calcula que o impacto para o consumidor final seja um aumento de R$ 0,24, porque o diesel vendido nos postos tem uma mistura obrigat\u00f3ria de 12% de biodiesel. A Petrobras justifica que os reajustes no pre\u00e7o garantem que o mercado &#8220;siga sendo suprido em bases econ\u00f4micas e sem riscos de desabastecimento&#8221;.<\/p>\n<p>&#8220;O alinhamento de pre\u00e7os ao mercado internacional se mostra especialmente relevante no momento que vivenciamos, com a demanda at\u00edpica recebida pela Petrobras para o m\u00eas de novembro de 2021. Os ajustes refletem tamb\u00e9m parte da eleva\u00e7\u00e3o nos patamares internacionais de pre\u00e7os de petr\u00f3leo, impactados pela oferta limitada frente ao crescimento da demanda mundial, e da taxa de c\u00e2mbio&#8221;, afirma a empresa.<\/p>\n<p>Fonte: Ag\u00eancia Brasil<\/p>\n","protected":false},"excerpt":{"rendered":"<p>A Petrobras anunciou nesta segunda-feira (25) que vai reajustar os pre\u00e7os da gasolina e do diesel em suas refinarias a partir de hoje (26). O&#8230;<\/p>\n","protected":false},"author":1527,"featured_media":17891,"comment_status":"closed","ping_status":"closed","sticky":false,"template":"","format":"standard","meta":{"footnotes":""},"categories":[6],"tags":[],"class_list":["post-36282","post","type-post","status-publish","format-standard","has-post-thumbnail","hentry","category-noticias"],"_links":{"self":[{"href":"https:\/\/www.sincomam.org.br\/index.php\/wp-json\/wp\/v2\/posts\/36282","targetHints":{"allow":["GET"]}}],"collection":[{"href":"https:\/\/www.sincomam.org.br\/index.php\/wp-json\/wp\/v2\/posts"}],"about":[{"href":"https:\/\/www.sincomam.org.br\/index.php\/wp-json\/wp\/v2\/types\/post"}],"author":[{"embeddable":true,"href":"https:\/\/www.sincomam.org.br\/index.php\/wp-json\/wp\/v2\/users\/1527"}],"replies":[{"embeddable":true,"href":"https:\/\/www.sincomam.org.br\/index.php\/wp-json\/wp\/v2\/comments?post=36282"}],"version-history":[{"count":1,"href":"https:\/\/www.sincomam.org.br\/index.php\/wp-json\/wp\/v2\/posts\/36282\/revisions"}],"predecessor-version":[{"id":36283,"href":"https:\/\/www.sincomam.org.br\/index.php\/wp-json\/wp\/v2\/posts\/36282\/revisions\/36283"}],"wp:featuredmedia":[{"embeddable":true,"href":"https:\/\/www.sincomam.org.br\/index.php\/wp-json\/wp\/v2\/media\/17891"}],"wp:attachment":[{"href":"https:\/\/www.sincomam.org.br\/index.php\/wp-json\/wp\/v2\/media?parent=36282"}],"wp:term":[{"taxonomy":"category","embeddable":true,"href":"https:\/\/www.sincomam.org.br\/index.php\/wp-json\/wp\/v2\/categories?post=36282"},{"taxonomy":"post_tag","embeddable":true,"href":"https:\/\/www.sincomam.org.br\/index.php\/wp-json\/wp\/v2\/tags?post=36282"}],"curies":[{"name":"wp","href":"https:\/\/api.w.org\/{rel}","templated":true}]}}