{"id":3628,"date":"2014-02-13T10:44:07","date_gmt":"2014-02-13T12:44:07","guid":{"rendered":"http:\/\/www.sincomam.org.br\/?p=3628"},"modified":"2014-02-13T11:45:59","modified_gmt":"2014-02-13T13:45:59","slug":"racionamento-de-agua-ja-atinge-varias-regioes-do-brasil","status":"publish","type":"post","link":"https:\/\/www.sincomam.org.br\/index.php\/racionamento-de-agua-ja-atinge-varias-regioes-do-brasil\/","title":{"rendered":"Racionamento de \u00e1gua j\u00e1 atinge v\u00e1rias regi\u00f5es do Brasil"},"content":{"rendered":"<p><em><b>Pa\u00eds tem sofrido com a onda de calor neste ver\u00e3o e o aumento do consumo de \u00e1gua e de energia el\u00e9trica<\/b><\/em><\/p>\n<p>Um levantamento realizado pela reportagem da BandNews FM mostra que a falta de chuvas j\u00e1 provoca racionamento no fornecimento de \u00e1gua em diferentes regi\u00f5es do pa\u00eds. Em um pa\u00eds de dimens\u00f5es continentais, e um calor acima do normal nestes tr\u00f3picos, ter uma torneira jorrando \u00e1gua no ver\u00e3o se tornou artigo de luxo em praticamente todo o Brasil.<\/p>\n<p>Em Minas Gerais, S\u00e3o Paulo e Paran\u00e1, os n\u00edveis das represas est\u00e3o abaixo do normal, e doze cidades j\u00e1 passam por um rod\u00edzio de \u00e1gua. A empres\u00e1ria \u00c2ngela Agliardi, por exemplo, est\u00e1 em uma das seis cidades paranaenses em que os moradores precisam escolher se lavam a roupa ou tomam banho. \u201cRoupa, uma vez por semana eu lavo. Casa, eu limpo duas vezes por semana porque gasta pouca \u00e1gua. E eu acho que [o que gasta mais] \u00e9 mais o banho, que \u00e9 todo dia\u201d, conta.<\/p>\n<p>No Paran\u00e1, o consumo cresceu 12% neste ano por causa do calor, e o racionamento j\u00e1 atinge as cidades de Assis Chateabriand, Francisco Beltr\u00e3o, Toledo, Guarapuava, Ponta Grossa e Prudent\u00f3polis.<\/p>\n<p>Em Minas, o rod\u00edzio \u00e9 realizado em Juiz de Fora e Oliveira. J\u00e1 em S\u00e3o Paulo, o sistema Cantareira est\u00e1 com o n\u00edvel mais baixo da hist\u00f3ria, com problemas no abastecimento das cidades de Guarulhos, Santo Andr\u00e9, Diadema e S\u00e3o Caetano. Estes munic\u00edpios sofrem, ainda, com vazamentos de \u00e1gua em v\u00e1rios locais.<\/p>\n<p>O estado do Cear\u00e1 tamb\u00e9m est\u00e1 com reservat\u00f3rios abaixo do normal, com menos de 30% da capacidade. Mas, por l\u00e1, ainda n\u00e3o h\u00e1 racionamento. A situa\u00e7\u00e3o \u00e9 mais tranquila apenas em Bras\u00edlia, onde o sistema opera normalmente.<\/p>\n<p>Fonte: Guilherme Grandi, da BandNews FM Curitiba<\/p>\n","protected":false},"excerpt":{"rendered":"<p>Pa\u00eds tem sofrido com a onda de calor neste ver\u00e3o e o aumento do consumo de \u00e1gua e de energia el\u00e9trica Um levantamento realizado pela&#8230;<\/p>\n","protected":false},"author":1182,"featured_media":3629,"comment_status":"closed","ping_status":"closed","sticky":false,"template":"","format":"standard","meta":{"footnotes":""},"categories":[6],"tags":[452,61,453,451,454],"class_list":["post-3628","post","type-post","status-publish","format-standard","has-post-thumbnail","hentry","category-noticias","tag-agua","tag-brasil","tag-falta","tag-racionamento","tag-regioes"],"_links":{"self":[{"href":"https:\/\/www.sincomam.org.br\/index.php\/wp-json\/wp\/v2\/posts\/3628","targetHints":{"allow":["GET"]}}],"collection":[{"href":"https:\/\/www.sincomam.org.br\/index.php\/wp-json\/wp\/v2\/posts"}],"about":[{"href":"https:\/\/www.sincomam.org.br\/index.php\/wp-json\/wp\/v2\/types\/post"}],"author":[{"embeddable":true,"href":"https:\/\/www.sincomam.org.br\/index.php\/wp-json\/wp\/v2\/users\/1182"}],"replies":[{"embeddable":true,"href":"https:\/\/www.sincomam.org.br\/index.php\/wp-json\/wp\/v2\/comments?post=3628"}],"version-history":[{"count":1,"href":"https:\/\/www.sincomam.org.br\/index.php\/wp-json\/wp\/v2\/posts\/3628\/revisions"}],"predecessor-version":[{"id":3630,"href":"https:\/\/www.sincomam.org.br\/index.php\/wp-json\/wp\/v2\/posts\/3628\/revisions\/3630"}],"wp:featuredmedia":[{"embeddable":true,"href":"https:\/\/www.sincomam.org.br\/index.php\/wp-json\/wp\/v2\/media\/3629"}],"wp:attachment":[{"href":"https:\/\/www.sincomam.org.br\/index.php\/wp-json\/wp\/v2\/media?parent=3628"}],"wp:term":[{"taxonomy":"category","embeddable":true,"href":"https:\/\/www.sincomam.org.br\/index.php\/wp-json\/wp\/v2\/categories?post=3628"},{"taxonomy":"post_tag","embeddable":true,"href":"https:\/\/www.sincomam.org.br\/index.php\/wp-json\/wp\/v2\/tags?post=3628"}],"curies":[{"name":"wp","href":"https:\/\/api.w.org\/{rel}","templated":true}]}}