{"id":36270,"date":"2021-10-25T08:25:21","date_gmt":"2021-10-25T11:25:21","guid":{"rendered":"http:\/\/www.sincomam.org.br\/?p=36270"},"modified":"2021-10-23T17:09:42","modified_gmt":"2021-10-23T20:09:42","slug":"parceria-entre-brasil-e-reino-unido-oferecera-marketplace-de-servicos-a-micros-e-pequenas-empresas","status":"publish","type":"post","link":"https:\/\/www.sincomam.org.br\/index.php\/parceria-entre-brasil-e-reino-unido-oferecera-marketplace-de-servicos-a-micros-e-pequenas-empresas\/","title":{"rendered":"Parceria entre Brasil e Reino Unido oferecer\u00e1 marketplace de servi\u00e7os a micros e pequenas empresas"},"content":{"rendered":"<p>At\u00e9 meados de 2022, deve ser disponibilizada \u00e0s micros, pequenas e m\u00e9dias empresas brasileiras uma plataforma digital que as ajudar\u00e1 a exportar. Batizada provisoriamente de Global Trade Hub, ser\u00e1 uma esp\u00e9cie de marketplace onde empresas poder\u00e3o contratar servi\u00e7os como capacita\u00e7\u00e3o, intelig\u00eancia comercial, financiamento \u00e0 exporta\u00e7\u00e3o e despachantes aduaneiros, por exemplo. O projeto, uma parceria entre os governos do Brasil e do Reino Unido, \u00e9 financiado pelo Prosperity Fund, que aportou R$ 18,6 milh\u00f5es at\u00e9 o momento. Pelo lado brasileiro, participam os minist\u00e9rios da Economia e das Rela\u00e7\u00f5es Exteriores, al\u00e9m de Sebrae e Apex.<\/p>\n<p>\u201c\u00c9 uma a\u00e7\u00e3o inovadora na Am\u00e9rica Latina\u201d, disse a subsecret\u00e1ria de Facilita\u00e7\u00e3o do Com\u00e9rcio Exterior, Glenda Bezerra Lustosa. No futuro, essa plataforma estar\u00e1 integrada ao Portal \u00danico do Com\u00e9rcio Exterior e ao Porto sem Papel, e operar\u00e1 tamb\u00e9m para outros pa\u00edses da regi\u00e3o. Dessa forma, se aproximar\u00e1 de Cingapura, considerada a mais avan\u00e7ada em oferecer a seus exportadores os servi\u00e7os e meios para viabilizar as exporta\u00e7\u00f5es em um s\u00f3 local.<\/p>\n<p>O projeto j\u00e1 foi apresentado pelo governo brasileiro em uma reuni\u00e3o da Organiza\u00e7\u00e3o Mundial do Com\u00e9rcio (OMC), disse Glenda. O organismo convidou o pa\u00eds a apoiar um documento que estimula outros pa\u00edses a tomar iniciativa semelhante.<\/p>\n<p>O projeto do Global Trade Hub foi apresentado ontem na Federa\u00e7\u00e3o das Ind\u00fastrias do Estado de S\u00e3o Paulo (Fiesp). Tamb\u00e9m foi apresentado um novo servi\u00e7o digital no qual as empresas preenchem um question\u00e1rio e ficam sabendo qual \u00e9 seu grau de maturidade para exportar e em quais pontos precisa melhorar para ter sucesso. Esse diagn\u00f3stico d\u00e1 o \u201ccaminho das pedras\u201d, comentou o coordenador de Inser\u00e7\u00e3o Internacional de Empresas, Victor Maselli Neto. Futuramente, esse servi\u00e7o ser\u00e1 integrado ao Hub de forma que, uma vez apontadas as necessidades das empresas candidatas a exportar, essas j\u00e1 sejam direcionadas ao ambiente onde poder\u00e3o ter acesso aos servi\u00e7os de que necessita. O question\u00e1rio tem por base a metodologia do Plano Nacional da Cultura Exportadora, que j\u00e1 existe h\u00e1 v\u00e1rios anos. A digitaliza\u00e7\u00e3o foi financiada pelo Reino Unido. Maselli diz que o objetivo de trazer as micros, pequenas e m\u00e9dias empresas para o com\u00e9rcio internacional \u00e9 aumentar sua participa\u00e7\u00e3o nas exporta\u00e7\u00f5es brasileiras. Hoje, 95% do valor exportado pelo pa\u00eds parte de grandes empresas, comentou Glenda.<\/p>\n<p>Fonte: Valor<\/p>\n","protected":false},"excerpt":{"rendered":"<p>At\u00e9 meados de 2022, deve ser disponibilizada \u00e0s micros, pequenas e m\u00e9dias empresas brasileiras uma plataforma digital que as ajudar\u00e1 a exportar. Batizada provisoriamente de&#8230;<\/p>\n","protected":false},"author":1527,"featured_media":32116,"comment_status":"closed","ping_status":"closed","sticky":false,"template":"","format":"standard","meta":{"footnotes":""},"categories":[6],"tags":[],"class_list":["post-36270","post","type-post","status-publish","format-standard","has-post-thumbnail","hentry","category-noticias"],"_links":{"self":[{"href":"https:\/\/www.sincomam.org.br\/index.php\/wp-json\/wp\/v2\/posts\/36270","targetHints":{"allow":["GET"]}}],"collection":[{"href":"https:\/\/www.sincomam.org.br\/index.php\/wp-json\/wp\/v2\/posts"}],"about":[{"href":"https:\/\/www.sincomam.org.br\/index.php\/wp-json\/wp\/v2\/types\/post"}],"author":[{"embeddable":true,"href":"https:\/\/www.sincomam.org.br\/index.php\/wp-json\/wp\/v2\/users\/1527"}],"replies":[{"embeddable":true,"href":"https:\/\/www.sincomam.org.br\/index.php\/wp-json\/wp\/v2\/comments?post=36270"}],"version-history":[{"count":1,"href":"https:\/\/www.sincomam.org.br\/index.php\/wp-json\/wp\/v2\/posts\/36270\/revisions"}],"predecessor-version":[{"id":36271,"href":"https:\/\/www.sincomam.org.br\/index.php\/wp-json\/wp\/v2\/posts\/36270\/revisions\/36271"}],"wp:featuredmedia":[{"embeddable":true,"href":"https:\/\/www.sincomam.org.br\/index.php\/wp-json\/wp\/v2\/media\/32116"}],"wp:attachment":[{"href":"https:\/\/www.sincomam.org.br\/index.php\/wp-json\/wp\/v2\/media?parent=36270"}],"wp:term":[{"taxonomy":"category","embeddable":true,"href":"https:\/\/www.sincomam.org.br\/index.php\/wp-json\/wp\/v2\/categories?post=36270"},{"taxonomy":"post_tag","embeddable":true,"href":"https:\/\/www.sincomam.org.br\/index.php\/wp-json\/wp\/v2\/tags?post=36270"}],"curies":[{"name":"wp","href":"https:\/\/api.w.org\/{rel}","templated":true}]}}