{"id":36262,"date":"2021-10-25T08:05:14","date_gmt":"2021-10-25T11:05:14","guid":{"rendered":"http:\/\/www.sincomam.org.br\/?p=36262"},"modified":"2021-10-23T16:57:47","modified_gmt":"2021-10-23T19:57:47","slug":"aneel-autoriza-reforco-em-subestacao-para-escoar-energia-renovavel-do-rio-grande-do-norte-e-regiao","status":"publish","type":"post","link":"https:\/\/www.sincomam.org.br\/index.php\/aneel-autoriza-reforco-em-subestacao-para-escoar-energia-renovavel-do-rio-grande-do-norte-e-regiao\/","title":{"rendered":"Aneel autoriza refor\u00e7o em subesta\u00e7\u00e3o para escoar energia renov\u00e1vel do Rio Grande do Norte e regi\u00e3o"},"content":{"rendered":"<p>A Ag\u00eancia Nacional de Energia El\u00e9trica (Aneel) participou no s\u00e1bado (23), em Natal (RN), do evento Jornada das \u00c1guas, conduzido pelo Minist\u00e9rio de Desenvolvimento Regional. Na solenidade, a Aneel autorizou obras de refor\u00e7o na subesta\u00e7\u00e3o Jo\u00e3o Pessoa II, o que vai permitir escoar energia renov\u00e1vel da regi\u00e3o para todo o Pa\u00eds. Estiveram na cerim\u00f4nia o diretor-geral da Aneel, Andr\u00e9 Pepitone, e a diretora Elisa Bastos &#8211; que, como diretora-geral-substituta, assinou em Reuni\u00e3o P\u00fablica a resolu\u00e7\u00e3o que autorizou os refor\u00e7os no empreendimento de transmiss\u00e3o.<\/p>\n<p>A cerim\u00f4nia realizada na Federa\u00e7\u00e3o da Ind\u00fastria do Rio Grande do Norte contou com a presen\u00e7a do ministro do Desenvolvimento Regional, Rog\u00e9rio Marinho, de deputados federais, estaduais, prefeitos e vereadores. Pela Aneel tamb\u00e9m esteve presente o superintendente Ivo Sechi Nazareno. Para Andr\u00e9 Pepitone, o refor\u00e7o autorizado, al\u00e9m de gerar investimento e emprego para o Estado, propiciar\u00e1 o escoamento de energia limpa e renov\u00e1vel do Nordeste para o resto do Pa\u00eds. \u201cO investimento destinado para subesta\u00e7\u00e3o significa gera\u00e7\u00e3o de emprego, renda, movimenta\u00e7\u00e3o da economia, atra\u00e7\u00e3o de mais investimentos. Essas obras auxiliar\u00e3o o escoamento da energia de usinas solares e e\u00f3licas do Nordeste. \u00c9 a contribui\u00e7\u00e3o do setor el\u00e9trico para que o Brasil volte a crescer, para que desperte a capacidade do potiguar, do nordestino, do brasileiro de empreender, inovar e criar\u201d.<\/p>\n<p>Em sua fala, o ministro Rog\u00e9rio Marinho destacou a import\u00e2ncia das obras de infraestrutura para atender \u00e0 diversifica\u00e7\u00e3o da matriz el\u00e9trica nacional. \u201cEstamos diante de um momento transformador, com nosso potencial e\u00f3lico sendo multiplicado. Nosso Nordeste \u00e9 solu\u00e7\u00e3o, e vamos seguir trabalhando para expandir as linhas de transmiss\u00e3o para escoar energia de fontes renov\u00e1veis, limpas\u201d, ressaltou Marinho. Para Paulo C\u00e9sar Domingues, secret\u00e1rio de Planejamento e Desenvolvimento Energ\u00e9tico do Minist\u00e9rio de Minas e Energia (MME), a autoriza\u00e7\u00e3o dos refor\u00e7os \u00e9 fundamental para escoar energia de fonte e\u00f3lica para o Sudeste e o Centro-Oeste do Brasil. \u201cEsse empreendimento, sozinho, tem capacidade para atender com sobra Jo\u00e3o Pessoa e 60% do estado da Para\u00edba, e ser\u00e1 fundamental para o crescimento cont\u00ednuo da gera\u00e7\u00e3o e\u00f3lica na regi\u00e3o\u201d, ressaltou.<\/p>\n<p>O investimento na subesta\u00e7\u00e3o Jo\u00e3o Pessoa II, pelo grupo indiano Sterlite, \u00e9 da ordem de R$ 530 milh\u00f5es, com previs\u00e3o de cria\u00e7\u00e3o de 1165 empregos diretos. O refor\u00e7o vai aumentar a capacidade de escoamento em 450 MW, dobrando o atendimento da subesta\u00e7\u00e3o. Expans\u00e3o das renov\u00e1veis no RN: a Aneel atingiu em setembro a meta de expans\u00e3o de novas usinas em 2021, tr\u00eas meses antes do previsto. Nesse per\u00edodo, a Ag\u00eancia liberou a opera\u00e7\u00e3o comercial de 4.888 MW de pot\u00eancia de novas usinas. Dessas, cerca de 20% se concentram no RN, com destaque para as usinas e\u00f3licas e solares.<\/p>\n<p>Fonte: Aneel<\/p>\n","protected":false},"excerpt":{"rendered":"<p>A Ag\u00eancia Nacional de Energia El\u00e9trica (Aneel) participou no s\u00e1bado (23), em Natal (RN), do evento Jornada das \u00c1guas, conduzido pelo Minist\u00e9rio de Desenvolvimento Regional&#8230;.<\/p>\n","protected":false},"author":1527,"featured_media":7937,"comment_status":"closed","ping_status":"closed","sticky":false,"template":"","format":"standard","meta":{"footnotes":""},"categories":[6],"tags":[],"class_list":["post-36262","post","type-post","status-publish","format-standard","has-post-thumbnail","hentry","category-noticias"],"_links":{"self":[{"href":"https:\/\/www.sincomam.org.br\/index.php\/wp-json\/wp\/v2\/posts\/36262","targetHints":{"allow":["GET"]}}],"collection":[{"href":"https:\/\/www.sincomam.org.br\/index.php\/wp-json\/wp\/v2\/posts"}],"about":[{"href":"https:\/\/www.sincomam.org.br\/index.php\/wp-json\/wp\/v2\/types\/post"}],"author":[{"embeddable":true,"href":"https:\/\/www.sincomam.org.br\/index.php\/wp-json\/wp\/v2\/users\/1527"}],"replies":[{"embeddable":true,"href":"https:\/\/www.sincomam.org.br\/index.php\/wp-json\/wp\/v2\/comments?post=36262"}],"version-history":[{"count":1,"href":"https:\/\/www.sincomam.org.br\/index.php\/wp-json\/wp\/v2\/posts\/36262\/revisions"}],"predecessor-version":[{"id":36263,"href":"https:\/\/www.sincomam.org.br\/index.php\/wp-json\/wp\/v2\/posts\/36262\/revisions\/36263"}],"wp:featuredmedia":[{"embeddable":true,"href":"https:\/\/www.sincomam.org.br\/index.php\/wp-json\/wp\/v2\/media\/7937"}],"wp:attachment":[{"href":"https:\/\/www.sincomam.org.br\/index.php\/wp-json\/wp\/v2\/media?parent=36262"}],"wp:term":[{"taxonomy":"category","embeddable":true,"href":"https:\/\/www.sincomam.org.br\/index.php\/wp-json\/wp\/v2\/categories?post=36262"},{"taxonomy":"post_tag","embeddable":true,"href":"https:\/\/www.sincomam.org.br\/index.php\/wp-json\/wp\/v2\/tags?post=36262"}],"curies":[{"name":"wp","href":"https:\/\/api.w.org\/{rel}","templated":true}]}}