{"id":36244,"date":"2021-10-22T09:03:59","date_gmt":"2021-10-22T12:03:59","guid":{"rendered":"http:\/\/www.sincomam.org.br\/?p=36244"},"modified":"2021-10-22T09:03:59","modified_gmt":"2021-10-22T12:03:59","slug":"navio-patrulha-bracui-participa-da-operacao-rios-seguros-no-amapa","status":"publish","type":"post","link":"https:\/\/www.sincomam.org.br\/index.php\/navio-patrulha-bracui-participa-da-operacao-rios-seguros-no-amapa\/","title":{"rendered":"Navio-Patrulha \u201cBracu\u00ed\u201d participa da Opera\u00e7\u00e3o \u201cRios Seguros\u201d, no Amap\u00e1"},"content":{"rendered":"<p>O Navio-Patrulha (NPa) \u201cBracu\u00ed\u201d, em coordena\u00e7\u00e3o com a Capitania dos Portos do Amap\u00e1, participou da Opera\u00e7\u00e3o \u201cRio Seguros\u201d, em Macap\u00e1 (AP), entre os dias 8 e 19 de outubro. Durante a opera\u00e7\u00e3o, que visa coibir as a\u00e7\u00f5es de roubos e furtos a navios no fundeadouro daquela localidade, o NPa \u201cBracu\u00ed\u201d prestou apoio log\u00edstico \u00e0 Secretaria de Justi\u00e7a e Seguran\u00e7a P\u00fablica do Amap\u00e1, \u00e0 Pol\u00edcia Federal, \u00e0 Pol\u00edcia Civil do Amap\u00e1 e \u00e0 Pol\u00edcia Militar do Amap\u00e1.<\/p>\n<p>As a\u00e7\u00f5es tamb\u00e9m contaram com o apoio da Lancha de Opera\u00e7\u00f5es Ribeirinhas Blindada \u201cConc\u00f3rdia\u201d e de uma Lancha de A\u00e7\u00e3o R\u00e1pida do Grupo de Embarca\u00e7\u00f5es de Opera\u00e7\u00f5es Ribeirinhas do Norte, subordinado ao Comando do Grupamento de Patrulha Naval do Norte. Al\u00e9m das a\u00e7\u00f5es em conjunto com os \u00d3rg\u00e3os de Seguran\u00e7a P\u00fablica, os meios envolvidos conduziram a\u00e7\u00f5es de Patrulha Naval e Inspe\u00e7\u00e3o Naval nas proximidades de Macap\u00e1, tendo sido inspecionadas 120 embarca\u00e7\u00f5es no per\u00edodo da opera\u00e7\u00e3o.<\/p>\n<p>Fonte: Centro de Comunica\u00e7\u00e3o Social da Marinha<\/p>\n","protected":false},"excerpt":{"rendered":"<p>O Navio-Patrulha (NPa) \u201cBracu\u00ed\u201d, em coordena\u00e7\u00e3o com a Capitania dos Portos do Amap\u00e1, participou da Opera\u00e7\u00e3o \u201cRio Seguros\u201d, em Macap\u00e1 (AP), entre os dias 8&#8230;<\/p>\n","protected":false},"author":1527,"featured_media":35143,"comment_status":"closed","ping_status":"closed","sticky":false,"template":"","format":"standard","meta":{"footnotes":""},"categories":[6],"tags":[],"class_list":["post-36244","post","type-post","status-publish","format-standard","has-post-thumbnail","hentry","category-noticias"],"_links":{"self":[{"href":"https:\/\/www.sincomam.org.br\/index.php\/wp-json\/wp\/v2\/posts\/36244","targetHints":{"allow":["GET"]}}],"collection":[{"href":"https:\/\/www.sincomam.org.br\/index.php\/wp-json\/wp\/v2\/posts"}],"about":[{"href":"https:\/\/www.sincomam.org.br\/index.php\/wp-json\/wp\/v2\/types\/post"}],"author":[{"embeddable":true,"href":"https:\/\/www.sincomam.org.br\/index.php\/wp-json\/wp\/v2\/users\/1527"}],"replies":[{"embeddable":true,"href":"https:\/\/www.sincomam.org.br\/index.php\/wp-json\/wp\/v2\/comments?post=36244"}],"version-history":[{"count":1,"href":"https:\/\/www.sincomam.org.br\/index.php\/wp-json\/wp\/v2\/posts\/36244\/revisions"}],"predecessor-version":[{"id":36245,"href":"https:\/\/www.sincomam.org.br\/index.php\/wp-json\/wp\/v2\/posts\/36244\/revisions\/36245"}],"wp:featuredmedia":[{"embeddable":true,"href":"https:\/\/www.sincomam.org.br\/index.php\/wp-json\/wp\/v2\/media\/35143"}],"wp:attachment":[{"href":"https:\/\/www.sincomam.org.br\/index.php\/wp-json\/wp\/v2\/media?parent=36244"}],"wp:term":[{"taxonomy":"category","embeddable":true,"href":"https:\/\/www.sincomam.org.br\/index.php\/wp-json\/wp\/v2\/categories?post=36244"},{"taxonomy":"post_tag","embeddable":true,"href":"https:\/\/www.sincomam.org.br\/index.php\/wp-json\/wp\/v2\/tags?post=36244"}],"curies":[{"name":"wp","href":"https:\/\/api.w.org\/{rel}","templated":true}]}}