{"id":36239,"date":"2021-10-22T09:00:33","date_gmt":"2021-10-22T12:00:33","guid":{"rendered":"http:\/\/www.sincomam.org.br\/?p=36239"},"modified":"2021-10-22T09:00:50","modified_gmt":"2021-10-22T12:00:50","slug":"antaq-e-tribunal-maritimo-trocam-conhecimentos-sobre-setor-aquaviario","status":"publish","type":"post","link":"https:\/\/www.sincomam.org.br\/index.php\/antaq-e-tribunal-maritimo-trocam-conhecimentos-sobre-setor-aquaviario\/","title":{"rendered":"Antaq e Tribunal Mar\u00edtimo trocam conhecimentos sobre setor aquavi\u00e1rio"},"content":{"rendered":"<p>A Ag\u00eancia Nacional de Transportes Aqu\u00e1ticos (Antaq) e o Tribunal Mar\u00edtimo realizaram, na ter\u00e7a-feira (19), o workshop \u201cEm busca de uma sinergia para a presta\u00e7\u00e3o de melhores servi\u00e7os \u00e0 ind\u00fastria mar\u00edtima\u201d. O evento foi virtual, e as apresenta\u00e7\u00f5es est\u00e3o dispon\u00edveis no canal da Ag\u00eancia no Youtube.<\/p>\n<p>O diretor-geral da Antaq, Eduardo Nery, participou do workshop e destacou a import\u00e2ncia da integra\u00e7\u00e3o entre a Ag\u00eancia e o Tribunal Mar\u00edtimo. \u201cEssa aproxima\u00e7\u00e3o institucional \u00e9 importante para troca de conhecimentos e para empreender discuss\u00f5es t\u00e9cnicas para o desenvolvimento do setor e do pa\u00eds.\u201d<\/p>\n<p>Em sua palestra, o diretor-geral da Ag\u00eancia abordou as compet\u00eancias da Antaq, sua \u00e1rea de atua\u00e7\u00e3o e detalhou a estrutura aquavi\u00e1ria nacional, com 195 terminais de uso privado, 40 esta\u00e7\u00f5es de transbordo de carga e quatro instala\u00e7\u00f5es portu\u00e1rias de turismo, al\u00e9m dos portos organizados. Al\u00e9m disso, Nery destacou o papel preponderante da Institui\u00e7\u00e3o na realiza\u00e7\u00e3o de leil\u00f5es portu\u00e1rios. O vice-almirante e presidente do Tribunal Mar\u00edtimo, Wilson Lima Filho, que abordou em sua palestra o hist\u00f3rico e o que \u00e9 o Tribunal Mar\u00edtimo, entre outros pontos, afirmou que \u201ca Antaq \u00e9 uma parceira do Tribunal Mar\u00edtimo e da Marinha do Brasil. Essa aproxima\u00e7\u00e3o \u00e9 fundamental e isso est\u00e1 acontecendo\u201d.<\/p>\n<p>Fonte: Antaq<\/p>\n","protected":false},"excerpt":{"rendered":"<p>A Ag\u00eancia Nacional de Transportes Aqu\u00e1ticos (Antaq) e o Tribunal Mar\u00edtimo realizaram, na ter\u00e7a-feira (19), o workshop \u201cEm busca de uma sinergia para a presta\u00e7\u00e3o&#8230;<\/p>\n","protected":false},"author":1527,"featured_media":20206,"comment_status":"closed","ping_status":"closed","sticky":false,"template":"","format":"standard","meta":{"footnotes":""},"categories":[6],"tags":[],"class_list":["post-36239","post","type-post","status-publish","format-standard","has-post-thumbnail","hentry","category-noticias"],"_links":{"self":[{"href":"https:\/\/www.sincomam.org.br\/index.php\/wp-json\/wp\/v2\/posts\/36239","targetHints":{"allow":["GET"]}}],"collection":[{"href":"https:\/\/www.sincomam.org.br\/index.php\/wp-json\/wp\/v2\/posts"}],"about":[{"href":"https:\/\/www.sincomam.org.br\/index.php\/wp-json\/wp\/v2\/types\/post"}],"author":[{"embeddable":true,"href":"https:\/\/www.sincomam.org.br\/index.php\/wp-json\/wp\/v2\/users\/1527"}],"replies":[{"embeddable":true,"href":"https:\/\/www.sincomam.org.br\/index.php\/wp-json\/wp\/v2\/comments?post=36239"}],"version-history":[{"count":2,"href":"https:\/\/www.sincomam.org.br\/index.php\/wp-json\/wp\/v2\/posts\/36239\/revisions"}],"predecessor-version":[{"id":36241,"href":"https:\/\/www.sincomam.org.br\/index.php\/wp-json\/wp\/v2\/posts\/36239\/revisions\/36241"}],"wp:featuredmedia":[{"embeddable":true,"href":"https:\/\/www.sincomam.org.br\/index.php\/wp-json\/wp\/v2\/media\/20206"}],"wp:attachment":[{"href":"https:\/\/www.sincomam.org.br\/index.php\/wp-json\/wp\/v2\/media?parent=36239"}],"wp:term":[{"taxonomy":"category","embeddable":true,"href":"https:\/\/www.sincomam.org.br\/index.php\/wp-json\/wp\/v2\/categories?post=36239"},{"taxonomy":"post_tag","embeddable":true,"href":"https:\/\/www.sincomam.org.br\/index.php\/wp-json\/wp\/v2\/tags?post=36239"}],"curies":[{"name":"wp","href":"https:\/\/api.w.org\/{rel}","templated":true}]}}