{"id":36235,"date":"2021-10-21T08:54:20","date_gmt":"2021-10-21T11:54:20","guid":{"rendered":"http:\/\/www.sincomam.org.br\/?p=36235"},"modified":"2021-10-21T08:54:20","modified_gmt":"2021-10-21T11:54:20","slug":"falta-de-conteineres-agrava-logistica-global-diz-omc","status":"publish","type":"post","link":"https:\/\/www.sincomam.org.br\/index.php\/falta-de-conteineres-agrava-logistica-global-diz-omc\/","title":{"rendered":"Falta de cont\u00eaineres agrava log\u00edstica global, diz OMC"},"content":{"rendered":"<p>Os problemas nas cadeias de suprimentos globais poder\u00e3o se estender por \u201cv\u00e1rios meses\u201d, uma vez que empresas de transporte mar\u00edtimo enfrentam dificuldades para contornar \u201cum descompasso entre oferta e demanda\u201d e fazer frente \u00e0 persistente escassez de cont\u00eaineres, disse a diretora da Organiza\u00e7\u00e3o Mundial de Com\u00e9rcio (OMC).<\/p>\n<p>Trilh\u00f5es de d\u00f3lares de incentivos relacionados \u00e0 pandemia alimentaram a escalada da demanda de consumo, disse Ngozi Okonjo-Iweala, levando as empresas a acumular estoques agressivamente. \u201cQuando falo com alguns empres\u00e1rios, h\u00e1 um certo p\u00e2nico neste ano de que a cadeia de suprimento deles seja impactada\u201d, disse a diretora-geral da OMC em entrevista no Africa Summit do \u201cFT\u201d. Empresas de transporte mar\u00edtimo n\u00e3o tinham previsto a for\u00e7a da recupera\u00e7\u00e3o, acrescentou ela. \u201cElas reduzem a disponibilidade de cont\u00eaineres, que foram deixados nos lugares errados, portanto agora h\u00e1 escassez de cont\u00eaineres.\u201d<\/p>\n<p><strong>Rimac<br \/>\n<\/strong>Com a aproxima\u00e7\u00e3o da temporada de festas em muitas partes do mundo, essas dificuldades tendem a persistir, segundo ela. A diferen\u00e7a entre as taxas de vacina\u00e7\u00e3o est\u00e3o agravando os problemas, disse Okonjo-Iweala, criando duas classes de recupera\u00e7\u00e3o mundial, uma vez que alguns pa\u00edses voltaram com toda a for\u00e7a \u00e0 vida, enquanto outros foram deixados em dificuldades.<\/p>\n<p>Os pa\u00edses ricos que \u201cvacinaram mais de 50% da popula\u00e7\u00e3o e implementaram est\u00edmulos fiscais muito fortes, de bilh\u00f5es de d\u00f3lares, est\u00e3o em um caminho de recupera\u00e7\u00e3o melhor do que os pa\u00edses mais pobres, que n\u00e3o t\u00eam espa\u00e7o fiscal e que tamb\u00e9m t\u00eam muito pouco acesso a vacinas\u201d, disse ela. \u201cO fato de 60% ou mais das pessoas de pa\u00edses ricos terem sido vacinadas, contra menos de 2% nos pa\u00edses pobres, simplesmente d\u00e1 ideia do grau de diverg\u00eancia.\u201d Ela acrescentou que houve uma falha da lideran\u00e7a mundial em garantir que as vacinas fossem distribu\u00eddas de maneira mais equitativa no mundo inteiro.<\/p>\n<p>\u201cTemos a tecnologia para salvar vidas, mas n\u00e3o conseguimos fazer com que ela chegue onde se precisa\u201d, disse ela. Os pa\u00edses ricos tinham prometido centenas de milh\u00f5es de doses aos mais pobres, mas \u201celes simplesmente n\u00e3o est\u00e3o traduzindo isso em distribui\u00e7\u00e3o\u201d para onde elas s\u00e3o necess\u00e1rias. No entanto, Okonjo-Iweala desqualificou preocupa\u00e7\u00f5es de que uma guerra comercial entre China e os EUA possa levar a um descolamento do com\u00e9rcio mundial que prejudicaria o crescimento. \u201cQuando ouvimos a ret\u00f3rica de ambos os pa\u00edses, podemos ter esse descolamento, mas as evid\u00eancias que vemos na pr\u00e1tica com rela\u00e7\u00e3o ao com\u00e9rcio internacional n\u00e3o sustentam essa teoria do descolamento\u201d, acrescentou.<\/p>\n<p>O com\u00e9rcio entre a UE e a China \u00e9 forte, disse ela. \u201cOs dados estat\u00edsticos sobre com\u00e9rcio de bens entre as grandes pot\u00eancias s\u00e3o muito robustos.\u201d Mesmo se quisessem, os pa\u00edses n\u00e3o conseguiriam se descolar tanto quanto gostariam. \u201cN\u00e3o \u00e9 t\u00e3o f\u00e1cil desfazer cadeias de suprimentos, elas s\u00e3o muito complicadas para muitos produtos.\u201d Okonjo-Iweala disse que a \u00c1rea de Livre Com\u00e9rcio da \u00c1frica Continental, que abrange 54 pa\u00edses e entrou em funcionamento neste ano, tem o poder de transformar o potencial comercial e industrial do continente. A \u00c1frica responde por apenas cerca de 4% do com\u00e9rcio mundial, e a maioria de suas exporta\u00e7\u00f5es sai do continente sem passar por processamento.<\/p>\n<p>Embora a \u00e1rea de livre com\u00e9rcio precise de melhorias significativas nos marcos regulat\u00f3rios, bem como em infraestrutura f\u00edsica, entre pa\u00edses, a cria\u00e7\u00e3o de um mercado \u00fanico de 1,3 bilh\u00e3o de pessoas tem enorme potencial para reverter d\u00e9cadas de desindustrializa\u00e7\u00e3o.<\/p>\n<p>Fonte: Valor<\/p>\n","protected":false},"excerpt":{"rendered":"<p>Os problemas nas cadeias de suprimentos globais poder\u00e3o se estender por \u201cv\u00e1rios meses\u201d, uma vez que empresas de transporte mar\u00edtimo enfrentam dificuldades para contornar \u201cum&#8230;<\/p>\n","protected":false},"author":1527,"featured_media":33471,"comment_status":"closed","ping_status":"closed","sticky":false,"template":"","format":"standard","meta":{"footnotes":""},"categories":[6],"tags":[],"class_list":["post-36235","post","type-post","status-publish","format-standard","has-post-thumbnail","hentry","category-noticias"],"_links":{"self":[{"href":"https:\/\/www.sincomam.org.br\/index.php\/wp-json\/wp\/v2\/posts\/36235","targetHints":{"allow":["GET"]}}],"collection":[{"href":"https:\/\/www.sincomam.org.br\/index.php\/wp-json\/wp\/v2\/posts"}],"about":[{"href":"https:\/\/www.sincomam.org.br\/index.php\/wp-json\/wp\/v2\/types\/post"}],"author":[{"embeddable":true,"href":"https:\/\/www.sincomam.org.br\/index.php\/wp-json\/wp\/v2\/users\/1527"}],"replies":[{"embeddable":true,"href":"https:\/\/www.sincomam.org.br\/index.php\/wp-json\/wp\/v2\/comments?post=36235"}],"version-history":[{"count":1,"href":"https:\/\/www.sincomam.org.br\/index.php\/wp-json\/wp\/v2\/posts\/36235\/revisions"}],"predecessor-version":[{"id":36236,"href":"https:\/\/www.sincomam.org.br\/index.php\/wp-json\/wp\/v2\/posts\/36235\/revisions\/36236"}],"wp:featuredmedia":[{"embeddable":true,"href":"https:\/\/www.sincomam.org.br\/index.php\/wp-json\/wp\/v2\/media\/33471"}],"wp:attachment":[{"href":"https:\/\/www.sincomam.org.br\/index.php\/wp-json\/wp\/v2\/media?parent=36235"}],"wp:term":[{"taxonomy":"category","embeddable":true,"href":"https:\/\/www.sincomam.org.br\/index.php\/wp-json\/wp\/v2\/categories?post=36235"},{"taxonomy":"post_tag","embeddable":true,"href":"https:\/\/www.sincomam.org.br\/index.php\/wp-json\/wp\/v2\/tags?post=36235"}],"curies":[{"name":"wp","href":"https:\/\/api.w.org\/{rel}","templated":true}]}}