{"id":36225,"date":"2021-10-21T08:39:27","date_gmt":"2021-10-21T11:39:27","guid":{"rendered":"http:\/\/www.sincomam.org.br\/?p=36225"},"modified":"2021-10-21T08:39:27","modified_gmt":"2021-10-21T11:39:27","slug":"ifi-revisa-projecoes-para-pib-inflacao-taxa-de-juros-divida-publica-e-teto-de-gastos","status":"publish","type":"post","link":"https:\/\/www.sincomam.org.br\/index.php\/ifi-revisa-projecoes-para-pib-inflacao-taxa-de-juros-divida-publica-e-teto-de-gastos\/","title":{"rendered":"IFI revisa proje\u00e7\u00f5es para PIB, infla\u00e7\u00e3o, taxa de juros, d\u00edvida p\u00fablica e teto de gastos"},"content":{"rendered":"<p>A Institui\u00e7\u00e3o Fiscal Independente (IFI) divulgou nesta quarta-feira (20) o Relat\u00f3rio de Acompanhamento Fiscal do m\u00eas de outubro, com uma revis\u00e3o completa dos cen\u00e1rios macrofiscais para 2021 e 2022 e proje\u00e7\u00f5es at\u00e9 2030. Na revis\u00e3o de cen\u00e1rios realizada pela institui\u00e7\u00e3o em junho, previa-se crescimento do Produto Interno Bruto (PIB) em 2021 de 4,2%. O novo relat\u00f3rio aumentou a proje\u00e7\u00e3o para 4,9%, justificada pelo aumento dos pre\u00e7os de commodities e pela recupera\u00e7\u00e3o do setor de servi\u00e7os \u2014 motivada, por sua vez, pelo avan\u00e7o da vacina\u00e7\u00e3o da popula\u00e7\u00e3o contra a covid-19. O resultado do primeiro semestre explica a estimativa mais alta. No entanto, a expectativa de crescimento para 2022 caiu de 2,3% para 1,7% devido ao aumento da taxa b\u00e1sica de juros (alta promovida para, entre outros fatores, conter a infla\u00e7\u00e3o).<\/p>\n<p><strong>Cen\u00e1rio pessimista<br \/>\n<\/strong>Em um cen\u00e1rio pessimista, com racionamento de energia motivado pela crise h\u00eddrica, a IFI estima que o crescimento do PIB em 2022 poder\u00e1 ser de apenas 0,1%. E a press\u00e3o da infla\u00e7\u00e3o sobre a pol\u00edtica monet\u00e1ria poderia elevar a taxa de c\u00e2mbio, com o d\u00f3lar alcan\u00e7ando R$ 5,92 no ano que vem.<\/p>\n<p><strong>Infla\u00e7\u00e3o e taxa de juros<br \/>\n<\/strong>No m\u00eas passado, a infla\u00e7\u00e3o ao consumidor atingiu 10,25% nos \u00faltimos 12 meses (at\u00e9 setembro). A alta foi provocada principalmente pelo pre\u00e7o de servi\u00e7os, alimentos, combust\u00edveis, energia e bens industriais. A expectativa \u00e9 de uma infla\u00e7\u00e3o de 8,7% em 2021 e de 4,2% em 2022, acima da meta de 3,5% estabelecida pelo Conselho Monet\u00e1rio Nacional (CMN). Para a taxa b\u00e1sica de juros, a Taxa Selic, a proje\u00e7\u00e3o \u00e9 que feche o ano em 8,25% e alcance 8,5% em 2022, devido ao esfor\u00e7o para conter a infla\u00e7\u00e3o.<\/p>\n<p><strong>D\u00edvida p\u00fablica<br \/>\n<\/strong>Segundo o relat\u00f3rio, a d\u00edvida bruta deve fechar 2021 em 83,3% do PIB, abaixo da estimativa feita em junho, de 85,6% do PIB. Segundo o diretor-presidente da IFI, Felipe Salto, contribu\u00edram para a queda do indicador, desde o fim do ano passado, o efeito da infla\u00e7\u00e3o alta e a retirada de boa parte das medidas tomadas no bojo do combate \u00e0 pandemia. Apesar da melhora em rela\u00e7\u00e3o \u00e0 \u00faltima revis\u00e3o de cen\u00e1rios, a tend\u00eancia prevista \u00e9 que a rela\u00e7\u00e3o d\u00edvida\/PIB cres\u00e7a nos pr\u00f3ximos anos, fechando em 84,8% do PIB em 2022 e 86,2% em 2025. \u201cA quest\u00e3o fiscal continua a ser o principal desafio de m\u00e9dio prazo\u201d, avalia Felipe Salto.<\/p>\n<p>A din\u00e2mica da d\u00edvida seria profundamente influenciada pela quest\u00e3o dos precat\u00f3rios e do cumprimento do teto de gastos. As discuss\u00f5es sobre a mudan\u00e7a nas regras para o pagamento dos precat\u00f3rios e senten\u00e7as judiciais t\u00eam aumentado a percep\u00e7\u00e3o de risco fiscal no mercado. Dado um cen\u00e1rio pessimista, a d\u00edvida bruta pode alcan\u00e7ar o patamar de 122,3% do PIB at\u00e9 2030. \u201cA alta das receitas p\u00fablicas \u00e9 um fen\u00f4meno positivo, a curto prazo, mas passageiro. O deficit do governo central ainda persistir\u00e1 por v\u00e1rios anos, pelas nossas contas atuais. O desafio fiscal pode ser resumido na necessidade de restabelecer um superavit prim\u00e1rio m\u00ednimo capaz de estabilizar a rela\u00e7\u00e3o d\u00edvida\/PIB, mas com infla\u00e7\u00e3o sob controle\u201d, afirma o diretor-presidente da IFI.<\/p>\n<p><strong>Teto de gastos<br \/>\n<\/strong>A expectativa \u00e9 que, em junho de 2022, o IPCA acumulado em 12 meses (utilizado para reajustar o teto de gastos) seja de 6,8%. No entanto, a previs\u00e3o para o fim do ano que vem \u00e9 que a infla\u00e7\u00e3o se estabele\u00e7a em 4%, o que permitiria um aumento expressivo das despesas discricion\u00e1rias e o cumprimento do teto de gastos em 2023. No cen\u00e1rio base projetado pela IFI, o risco de descumprimento do teto de gastos se torna alto em 2026, antecipando em um ano a proje\u00e7\u00e3o feita na revis\u00e3o de cen\u00e1rios do m\u00eas de junho.\u00a0Segundo Felipe Salto, o aumento de transfer\u00eancias sociais \u00e9 necess\u00e1rio, dada a volta da fome e a alta do desemprego, mas \u00e9 preciso faz\u00ea-lo respeitando as regras fiscais para evitar que as taxas de juros aumentem ainda mais.\u00a0\u201cEssas apreens\u00f5es t\u00eam levado \u00e0 revis\u00e3o das proje\u00e7\u00f5es de crescimento econ\u00f4mico para 2022\u201d, ressaltou.<\/p>\n<p><strong>Relat\u00f3rio de Acompanhamento Fiscal<br \/>\n<\/strong>Produzido mensalmente pela IFI, o Relat\u00f3rio de Acompanhamento Fiscal traz avalia\u00e7\u00f5es conjunturais sobre macroeconomia, receitas e despesas p\u00fablicas e o ciclo or\u00e7ament\u00e1rio. Duas vezes por ano, o relat\u00f3rio tamb\u00e9m traz atualiza\u00e7\u00f5es das proje\u00e7\u00f5es macrofiscais da IFI para os pr\u00f3ximos anos, na forma de cen\u00e1rios base, otimista e pessimista. Esses cen\u00e1rios s\u00e3o simulados pela institui\u00e7\u00e3o a partir de pressupostos para os par\u00e2metros or\u00e7ament\u00e1rios, incluindo o PIB, a infla\u00e7\u00e3o e a taxa de juros. Como resultado, s\u00e3o apresentadas trajet\u00f3rias para os indicadores fiscais, como o resultado prim\u00e1rio e a d\u00edvida bruta.<\/p>\n<p>Fonte: Ag\u00eancia Senado<\/p>\n","protected":false},"excerpt":{"rendered":"<p>A Institui\u00e7\u00e3o Fiscal Independente (IFI) divulgou nesta quarta-feira (20) o Relat\u00f3rio de Acompanhamento Fiscal do m\u00eas de outubro, com uma revis\u00e3o completa dos cen\u00e1rios macrofiscais&#8230;<\/p>\n","protected":false},"author":1527,"featured_media":18116,"comment_status":"closed","ping_status":"closed","sticky":false,"template":"","format":"standard","meta":{"footnotes":""},"categories":[6],"tags":[],"class_list":["post-36225","post","type-post","status-publish","format-standard","has-post-thumbnail","hentry","category-noticias"],"_links":{"self":[{"href":"https:\/\/www.sincomam.org.br\/index.php\/wp-json\/wp\/v2\/posts\/36225","targetHints":{"allow":["GET"]}}],"collection":[{"href":"https:\/\/www.sincomam.org.br\/index.php\/wp-json\/wp\/v2\/posts"}],"about":[{"href":"https:\/\/www.sincomam.org.br\/index.php\/wp-json\/wp\/v2\/types\/post"}],"author":[{"embeddable":true,"href":"https:\/\/www.sincomam.org.br\/index.php\/wp-json\/wp\/v2\/users\/1527"}],"replies":[{"embeddable":true,"href":"https:\/\/www.sincomam.org.br\/index.php\/wp-json\/wp\/v2\/comments?post=36225"}],"version-history":[{"count":1,"href":"https:\/\/www.sincomam.org.br\/index.php\/wp-json\/wp\/v2\/posts\/36225\/revisions"}],"predecessor-version":[{"id":36226,"href":"https:\/\/www.sincomam.org.br\/index.php\/wp-json\/wp\/v2\/posts\/36225\/revisions\/36226"}],"wp:featuredmedia":[{"embeddable":true,"href":"https:\/\/www.sincomam.org.br\/index.php\/wp-json\/wp\/v2\/media\/18116"}],"wp:attachment":[{"href":"https:\/\/www.sincomam.org.br\/index.php\/wp-json\/wp\/v2\/media?parent=36225"}],"wp:term":[{"taxonomy":"category","embeddable":true,"href":"https:\/\/www.sincomam.org.br\/index.php\/wp-json\/wp\/v2\/categories?post=36225"},{"taxonomy":"post_tag","embeddable":true,"href":"https:\/\/www.sincomam.org.br\/index.php\/wp-json\/wp\/v2\/tags?post=36225"}],"curies":[{"name":"wp","href":"https:\/\/api.w.org\/{rel}","templated":true}]}}