{"id":36220,"date":"2021-10-20T10:14:41","date_gmt":"2021-10-20T13:14:41","guid":{"rendered":"http:\/\/www.sincomam.org.br\/?p=36220"},"modified":"2021-10-20T10:14:41","modified_gmt":"2021-10-20T13:14:41","slug":"subsea7-conquista-tres-novos-contratos-no-brasil","status":"publish","type":"post","link":"https:\/\/www.sincomam.org.br\/index.php\/subsea7-conquista-tres-novos-contratos-no-brasil\/","title":{"rendered":"Subsea7 conquista tr\u00eas novos contratos no Brasil"},"content":{"rendered":"<p>A Subsea7 anunciou nesta ter\u00e7a-feira (19) novos contratos de longo prazo com a Petrobras para as embarca\u00e7\u00f5es de apoio a dutos (PLSV) &#8220;Seven Waves&#8221;, &#8220;Seven Rio&#8221; e &#8220;Seven Sun&#8221;. Os contratos ser\u00e3o registrados em carteira no quarto trimestre. Atribu\u00eddo como &#8220;grande pr\u00eamio&#8221; pela operadora, o valor combinado dos contratos est\u00e1 entre US$ 500 milh\u00f5es e US$ 750 milh\u00f5es.<\/p>\n<p>Cada contrato compreende um per\u00edodo firme de tr\u00eas anos e uma op\u00e7\u00e3o subsequente de um ano. A &#8220;Seven Waves&#8221; iniciar\u00e1 o novo contrato no primeiro trimestre de 2022. A &#8220;Seven Rio&#8221; iniciar\u00e1 o novo contrato no segundo trimestre de 2022. E a &#8220;Seven Sun&#8221; iniciar\u00e1 o novo contrato no terceiro trimestre de 2022. Antes de iniciar os novos contratos, cada navio passar\u00e1 por pequenas modifica\u00e7\u00f5es que exigem uma curta perman\u00eancia em estaleiro e despesas de capital modestas, segundo a Subsea7. O per\u00edodo restante dos contratos atuais da &#8220;Seven Waves&#8221; e da &#8220;Seven Rio&#8221; com a Petrobras ser\u00e3o transferidos para a &#8220;Seven Seas&#8221;, que ser\u00e1 implantada no Brasil em 2022.<\/p>\n<p>&#8220;Valorizamos nosso relacionamento de longa data com a Petrobras e esses novos contratos refletem bem em nosso hist\u00f3rico de entrega de atividades de PLSV bem-sucedidas no Brasil, alcan\u00e7ando altos padr\u00f5es de seguran\u00e7a e um forte desempenho operacional&#8221;, afirmou Daniel Hiller, vice-presidente da Subsea7 no Brasil.<\/p>\n<p>Fonte: Portos e navios<\/p>\n","protected":false},"excerpt":{"rendered":"<p>A Subsea7 anunciou nesta ter\u00e7a-feira (19) novos contratos de longo prazo com a Petrobras para as embarca\u00e7\u00f5es de apoio a dutos (PLSV) &#8220;Seven Waves&#8221;, &#8220;Seven&#8230;<\/p>\n","protected":false},"author":1527,"featured_media":30338,"comment_status":"closed","ping_status":"closed","sticky":false,"template":"","format":"standard","meta":{"footnotes":""},"categories":[6],"tags":[],"class_list":["post-36220","post","type-post","status-publish","format-standard","has-post-thumbnail","hentry","category-noticias"],"_links":{"self":[{"href":"https:\/\/www.sincomam.org.br\/index.php\/wp-json\/wp\/v2\/posts\/36220","targetHints":{"allow":["GET"]}}],"collection":[{"href":"https:\/\/www.sincomam.org.br\/index.php\/wp-json\/wp\/v2\/posts"}],"about":[{"href":"https:\/\/www.sincomam.org.br\/index.php\/wp-json\/wp\/v2\/types\/post"}],"author":[{"embeddable":true,"href":"https:\/\/www.sincomam.org.br\/index.php\/wp-json\/wp\/v2\/users\/1527"}],"replies":[{"embeddable":true,"href":"https:\/\/www.sincomam.org.br\/index.php\/wp-json\/wp\/v2\/comments?post=36220"}],"version-history":[{"count":1,"href":"https:\/\/www.sincomam.org.br\/index.php\/wp-json\/wp\/v2\/posts\/36220\/revisions"}],"predecessor-version":[{"id":36221,"href":"https:\/\/www.sincomam.org.br\/index.php\/wp-json\/wp\/v2\/posts\/36220\/revisions\/36221"}],"wp:featuredmedia":[{"embeddable":true,"href":"https:\/\/www.sincomam.org.br\/index.php\/wp-json\/wp\/v2\/media\/30338"}],"wp:attachment":[{"href":"https:\/\/www.sincomam.org.br\/index.php\/wp-json\/wp\/v2\/media?parent=36220"}],"wp:term":[{"taxonomy":"category","embeddable":true,"href":"https:\/\/www.sincomam.org.br\/index.php\/wp-json\/wp\/v2\/categories?post=36220"},{"taxonomy":"post_tag","embeddable":true,"href":"https:\/\/www.sincomam.org.br\/index.php\/wp-json\/wp\/v2\/tags?post=36220"}],"curies":[{"name":"wp","href":"https:\/\/api.w.org\/{rel}","templated":true}]}}