{"id":36200,"date":"2021-10-19T08:13:35","date_gmt":"2021-10-19T11:13:35","guid":{"rendered":"http:\/\/www.sincomam.org.br\/?p=36200"},"modified":"2021-10-18T23:32:59","modified_gmt":"2021-10-19T02:32:59","slug":"aneel-e-irena-debatem-futuro-do-marco-legal-de-geracao-offshore-agenda-do-hidrogenio-verde-e-expansao-de-fontes-renovaveis","status":"publish","type":"post","link":"https:\/\/www.sincomam.org.br\/index.php\/aneel-e-irena-debatem-futuro-do-marco-legal-de-geracao-offshore-agenda-do-hidrogenio-verde-e-expansao-de-fontes-renovaveis\/","title":{"rendered":"Aneel e Irena debatem futuro do marco legal de gera\u00e7\u00e3o offshore, agenda do hidrog\u00eanio verde e expans\u00e3o de fontes renov\u00e1veis"},"content":{"rendered":"<p>O diretor-geral da Ag\u00eancia Nacional de Energia El\u00e9trica (Aneel), Andr\u00e9 Pepitone, participou nesta segunda-feira (18), em Abu Dhabi, nos Emirados \u00c1rabes, de reuni\u00e3o com diretor da Ag\u00eancia Internacional de Energia Renov\u00e1vel (Irena), G\u00fcrb\u00fcz G\u00f6n\u00fcl. No encontro, foram tratadas a\u00e7\u00f5es para promover ampla ado\u00e7\u00e3o e uso sustent\u00e1vel das fontes de energia renov\u00e1vel, incluindo hidrel\u00e9trica, solar e gera\u00e7\u00e3o offshore, na busca do desenvolvimento sustent\u00e1vel, acesso \u00e0 energia, seguran\u00e7a energ\u00e9tica e crescimento econ\u00f4mico com baixo carbono. A agenda do hidrog\u00eanio verde, apontado como uma das grandes apostas na transi\u00e7\u00e3o energ\u00e9tica para a redu\u00e7\u00e3o das emiss\u00f5es de carbono, tamb\u00e9m foi abordada.<\/p>\n<p>Tamb\u00e9m esteve presente na reuni\u00e3o o secret\u00e1rio adjunto de Planejamento e Desenvolvimento Energ\u00e9tico do Minist\u00e9rio de Minas e Energia (MME), Marcello Cabral e o presidente do Instituto Nacional de Energia Limpa (Inel), Heber Galarce. A Ag\u00eancia Internacional de Energia Renov\u00e1vel (Irena) \u00e9 organiza\u00e7\u00e3o intergovernamental que apoia os pa\u00edses em sua transi\u00e7\u00e3o para um futuro de energia sustent\u00e1vel e serve como a principal plataforma para coopera\u00e7\u00e3o internacional.<\/p>\n<p>Fonte: Aneel<\/p>\n","protected":false},"excerpt":{"rendered":"<p>O diretor-geral da Ag\u00eancia Nacional de Energia El\u00e9trica (Aneel), Andr\u00e9 Pepitone, participou nesta segunda-feira (18), em Abu Dhabi, nos Emirados \u00c1rabes, de reuni\u00e3o com diretor&#8230;<\/p>\n","protected":false},"author":1527,"featured_media":7937,"comment_status":"closed","ping_status":"closed","sticky":false,"template":"","format":"standard","meta":{"footnotes":""},"categories":[6],"tags":[],"class_list":["post-36200","post","type-post","status-publish","format-standard","has-post-thumbnail","hentry","category-noticias"],"_links":{"self":[{"href":"https:\/\/www.sincomam.org.br\/index.php\/wp-json\/wp\/v2\/posts\/36200","targetHints":{"allow":["GET"]}}],"collection":[{"href":"https:\/\/www.sincomam.org.br\/index.php\/wp-json\/wp\/v2\/posts"}],"about":[{"href":"https:\/\/www.sincomam.org.br\/index.php\/wp-json\/wp\/v2\/types\/post"}],"author":[{"embeddable":true,"href":"https:\/\/www.sincomam.org.br\/index.php\/wp-json\/wp\/v2\/users\/1527"}],"replies":[{"embeddable":true,"href":"https:\/\/www.sincomam.org.br\/index.php\/wp-json\/wp\/v2\/comments?post=36200"}],"version-history":[{"count":1,"href":"https:\/\/www.sincomam.org.br\/index.php\/wp-json\/wp\/v2\/posts\/36200\/revisions"}],"predecessor-version":[{"id":36201,"href":"https:\/\/www.sincomam.org.br\/index.php\/wp-json\/wp\/v2\/posts\/36200\/revisions\/36201"}],"wp:featuredmedia":[{"embeddable":true,"href":"https:\/\/www.sincomam.org.br\/index.php\/wp-json\/wp\/v2\/media\/7937"}],"wp:attachment":[{"href":"https:\/\/www.sincomam.org.br\/index.php\/wp-json\/wp\/v2\/media?parent=36200"}],"wp:term":[{"taxonomy":"category","embeddable":true,"href":"https:\/\/www.sincomam.org.br\/index.php\/wp-json\/wp\/v2\/categories?post=36200"},{"taxonomy":"post_tag","embeddable":true,"href":"https:\/\/www.sincomam.org.br\/index.php\/wp-json\/wp\/v2\/tags?post=36200"}],"curies":[{"name":"wp","href":"https:\/\/api.w.org\/{rel}","templated":true}]}}