{"id":36192,"date":"2021-10-18T10:46:59","date_gmt":"2021-10-18T13:46:59","guid":{"rendered":"http:\/\/www.sincomam.org.br\/?p=36192"},"modified":"2021-10-18T10:46:59","modified_gmt":"2021-10-18T13:46:59","slug":"inscricoes-abertas-para-o-iii-congresso-de-direito-maritimo-e-portuario","status":"publish","type":"post","link":"https:\/\/www.sincomam.org.br\/index.php\/inscricoes-abertas-para-o-iii-congresso-de-direito-maritimo-e-portuario\/","title":{"rendered":"Inscri\u00e7\u00f5es abertas para o III Congresso de Direito Mar\u00edtimo e Portu\u00e1rio"},"content":{"rendered":"<p>O Congresso de Direito Mar\u00edtimo e Portu\u00e1rio, que ir\u00e1 avaliar o passado, discutir o presente e, por ele, tra\u00e7ar estrat\u00e9gias para o Porto de Santos, est\u00e1 com inscri\u00e7\u00f5es abertas. O evento, iniciativa da Associa\u00e7\u00e3o Brasileira do Direito Mar\u00edtimo (ABDM), ser\u00e1 realizado pela Unisanta e Sistema Santa Cec\u00edlia de Comunica\u00e7\u00e3o, nos dias 4 e 5 de novembro, no Sheraton Santos Hotel. Os ingressos custam entre R$ 50,00 e R$ 250,00. No entanto, alunos de Direito da Unisanta n\u00e3o pagam. Existe a possibilidade de acompanhar o evento presencial ou de forma virtual.<\/p>\n<p>O Congresso ir\u00e1 reunir especialistas, autoridades e profissionais da cadeia produtiva portu\u00e1ria. De acordo com o advogado Marcelo Sammarco, embora seja um congresso de direito mar\u00edtimo e portu\u00e1rio, o evento ter\u00e1 uma abrang\u00eancia maior do que isso. \u201cO evento vai ter uma discuss\u00e3o bastante ampla que envolve aspectos jur\u00eddicos, mas tem operacionais e comerciais do segmento mar\u00edtimo e portu\u00e1rio\u201d, explica. Ser\u00e3o oito pain\u00e9is, quatro no primeiro dia e quatro no segundo.<\/p>\n<p>As atividades ser\u00e3o realizadas em formato h\u00edbrido. No audit\u00f3rio ser\u00e3o 150 lugares dispon\u00edveis, e, simultaneamente, ser\u00e1 feita a transmiss\u00e3o ao vivo de forma online para quem n\u00e3o puder acompanhar presencialmente, por conta da covid-19 ou pela dist\u00e2ncia. Inscri\u00e7\u00f5es no <a href=\"https:\/\/www.sympla.com.br\/iii-congresso-brasileiro-de-direito-maritimo-e-portuario-da-abdm__1372292\" target=\"_blank\" rel=\"noopener\">link<\/a>.<br \/>\nConfira a programa\u00e7\u00e3o completa abaixo:<\/p>\n<p><strong>Programa\u00e7\u00e3o sujeita a altera\u00e7\u00f5es<\/strong><br \/>\n<strong>1\u00ba dia (04\/11)<\/strong><\/p>\n<p>08h30 \u2013 Credenciamento<\/p>\n<p>09h00 \u2013 Abertura<\/p>\n<p>09h30 \u2013 1\u00ba Painel: Entraves log\u00edsticos decorrentes da Pandemia<\/p>\n<p>Presidente de Mesa: Jo\u00e3o Paulo Braun \u2013 Advogado<\/p>\n<p>Moderador: Jacqueline Wendpap \u2013 Assessora no Senado Federal<\/p>\n<p>Debatedores: Claudio Loureiro \u2013 Diretor Executivo do Centronave,\u00a0Robert Grantham \u2013 Consultor na Solve Shipping e N\u00edvio Peres dos Santos \u2013 Presidente da Federa\u00e7\u00e3o Nacional dos Despachantes Aduaneiros e do Sindicato dos Despachantes Aduaneiros de Santos<\/p>\n<p>11h00 \u2013 Intervalo<\/p>\n<p>11h15 \u2013 2\u00ba Painel: Responsabilidades do Agente Mar\u00edtimo e S\u00famula 185 do Carf<\/p>\n<p>Presidente de Mesa: Luciana Marques de Freitas Rodrigues \u2013 Advogada<\/p>\n<p>Moderador: Cristina Wadner \u2013 Advogada<\/p>\n<p>Debatedores: Dr. Frederico Messias \u2013 Juiz Titular da 4\u00aa Vara C\u00edvel de Santos,\u00a0 Marcelo Machado Ene \u2013 Assessor Jur\u00eddico do Sindamar e Francisco Morais Silva \u2013 Assessor Jur\u00eddico da Fenamar<\/p>\n<p>Solon Sehn \u2013 Advogado<\/p>\n<p>12h30 \u2013 Almo\u00e7o livre<\/p>\n<p>14h00 \u2013 3\u00ba Painel: Estabilidade Regulat\u00f3ria e Seguran\u00e7a Jur\u00eddica no Segmento Mar\u00edtimo e Portu\u00e1rio<\/p>\n<p>Presidente de Mesa: Paulo Oliveira \u2013 Advogado<\/p>\n<p>Moderador: Luis Cl\u00e1udio Santana Montenegro \u2013 Consultor Portu\u00e1rio<\/p>\n<p>Debatedores: Flavia Takafashi \u2013 Diretora da Ag\u00eancia Nacional de Transportes Aquavi\u00e1rios (Antaq),\u00a0Ricardo Arten \u2013 CEO Brasil Terminal Portu\u00e1rio S\/A e Cesar Mattos \u2013 Consultor Legislativo na C\u00e2mara dos Deputados<\/p>\n<p>Cassio Louren\u00e7o Ribeiro \u2013 Advogado<\/p>\n<p>15h30 \u2013 coffee break<\/p>\n<p>16h00 \u2013 4\u00ba Painel: Desafios no Processo de Desestatiza\u00e7\u00e3o do Porto de Santos<\/p>\n<p>Presidente de Mesa: Marcelo Sammarco \u2013 Vice-Presidente da Associa\u00e7\u00e3o Brasileira de Direito Mar\u00edtimo (ABDM)<\/p>\n<p>Moderador: Casemiro T\u00e9rcio Carvalho \u2013 Diretor de Assuntos Portu\u00e1rios no Sistema Santa Cec\u00edlia de Comunica\u00e7\u00e3o<\/p>\n<p>Debatedores: Diogo Piloni \u2013 Secret\u00e1rio Nacional de Portos e Transportes Aquavi\u00e1rios no Minist\u00e9rio da Infraestrutura,\u00a0Eduardo Nery \u2013 Diretor Geral da Ag\u00eancia Nacional de Transportes Aquavi\u00e1rios (Antaq), Fernando Biral \u2013 Presidente da Santos Port Authority (SPA) e Regis Prunzel \u2013 Presidente do Sindicato dos Operadores Portu\u00e1rios do Estado de S\u00e3o Paulo (Sopesp)<\/p>\n<p>18h00\u00a0\u00a0 Encerramento do 1\u00ba dia de programa\u00e7\u00e3o<\/p>\n<p>18h30\u00a0\u00a0 Coquetel de confraterniza\u00e7\u00e3o exclusivo para autoridades, debatedores, patrocinadores e p\u00fablico inscrito no formato presencial<\/p>\n<p><strong>2\u00ba dia (05\/11)<\/strong><\/p>\n<p>09h00 \u2013 Palestra Especial: Imprescindibilidade ou n\u00e3o do Ogmo na contrata\u00e7\u00e3o de trabalhador avulso.<\/p>\n<p>Ministro Guilherme Augusto Caputo Bastos \u2013 Tribunal Superior do Trabalho (TST)<\/p>\n<p>10h00 \u2013 5\u00ba Painel: Rela\u00e7\u00f5es de Trabalho nas Atividades Mar\u00edtimas e Portu\u00e1rias<\/p>\n<p>Presidente de Mesa: Rodrigo Zanethi \u2013 Advogado<\/p>\n<p>Moderador: Thiago Robles \u2013 Gerente Jur\u00eddico do Ogmo-Santos<\/p>\n<p>Debatedores: Desembargador Celso Peel \u2013 Tribunal Regional do Trabalho 2\u00aa Regi\u00e3o,\u00a0 Dra. Fl\u00e1via Oliveira Veiga Bauler, Procuradora do Trabalho Coordenadora Nacional da Coordenadoria do Trabalho Portu\u00e1rio e Aquavi\u00e1rio \u2013 Conatpa do Minist\u00e9rio P\u00fablico do Trabalho,\u00a0S\u00e9rgio Aquino \u2013 Presidente da Federa\u00e7\u00e3o Nacional das Opera\u00e7\u00f5es Portu\u00e1rias (Fenop) e Gislaine Heredia \u2013 Consultora Jur\u00eddica no Sindicato dos Operadores Portu\u00e1rios do Estado de S\u00e3o Paulo (Sopesp)<\/p>\n<p>11h00 \u2013 6\u00ba Painel: Cyber Risks no Segmento Mar\u00edtimo e Portu\u00e1rio<\/p>\n<p>Mesa: Carlos Augusto Cabral \u2013 S\u00f3cio na Representa\u00e7\u00f5es Proinde Ltda.<\/p>\n<p>Moderador: Werner Braun Rizk \u2013 Advogado<\/p>\n<p>Debatedores: Dra. Luciana Fuschini Nave \u2013 Delegada Chefe da Pol\u00edcia Federal em Santos,\u00a0Leandro Bissoli \u2013 Advogado e Fabiana Morgante de Alencar \u2013 IT Manager no Brasil Terminal Portu\u00e1rio S\/A<\/p>\n<p>12h30 \u2013 Almo\u00e7o livre<\/p>\n<p>14h00 \u2013 7\u00ba Painel: Oil &amp; Gas e Atividade Offshore<\/p>\n<p>Presidente de Mesa: Lucas Leite Marques \u2013 Advogado<\/p>\n<p>Moderador: Maria Cristina Gontijo \u2013 Advogada<\/p>\n<p>Debatedores: Bianca Soares \u2013 Diretora Jur\u00eddica na Subsea 7,\u00a0Dr. Fernando Reverendo Vidal Akaoui \u2013 Promotor do Minist\u00e9rio P\u00fablico do Estado de S\u00e3o Paulo e Coordenador Pedag\u00f3gico do Curso de Direito da Universidade Santa Cec\u00edlia<\/p>\n<p>15h30 \u2013 coffee break<\/p>\n<p>16h00 \u2013 8\u00ba Painel: Ratifica\u00e7\u00e3o de Conven\u00e7\u00f5es Internacionais pelo Brasil<\/p>\n<p>Presidente de Mesa:\u00a0 Lu\u00eds Felipe Galante \u2013 Presidente da Associa\u00e7\u00e3o Brasileira de Direito Mar\u00edtimo (ABDM)<\/p>\n<p>Moderador:\u00a0 Daniella Castro Revoredo \u2013 Advogada<\/p>\n<p>Debatedores: Prof\u00aa Dra. Eliane Octaviano Martins \u2013 Diretora da Maritime Law Academy, Representante SEC-IMO e Representante Itamaraty<\/p>\n<p>18h00 \u2013 Encerramento do evento<\/p>\n<p>Fonte: Informativo dos Portos com Santaporta<\/p>\n","protected":false},"excerpt":{"rendered":"<p>O Congresso de Direito Mar\u00edtimo e Portu\u00e1rio, que ir\u00e1 avaliar o passado, discutir o presente e, por ele, tra\u00e7ar estrat\u00e9gias para o Porto de Santos,&#8230;<\/p>\n","protected":false},"author":1527,"featured_media":34895,"comment_status":"closed","ping_status":"closed","sticky":false,"template":"","format":"standard","meta":{"footnotes":""},"categories":[6],"tags":[],"class_list":["post-36192","post","type-post","status-publish","format-standard","has-post-thumbnail","hentry","category-noticias"],"_links":{"self":[{"href":"https:\/\/www.sincomam.org.br\/index.php\/wp-json\/wp\/v2\/posts\/36192","targetHints":{"allow":["GET"]}}],"collection":[{"href":"https:\/\/www.sincomam.org.br\/index.php\/wp-json\/wp\/v2\/posts"}],"about":[{"href":"https:\/\/www.sincomam.org.br\/index.php\/wp-json\/wp\/v2\/types\/post"}],"author":[{"embeddable":true,"href":"https:\/\/www.sincomam.org.br\/index.php\/wp-json\/wp\/v2\/users\/1527"}],"replies":[{"embeddable":true,"href":"https:\/\/www.sincomam.org.br\/index.php\/wp-json\/wp\/v2\/comments?post=36192"}],"version-history":[{"count":1,"href":"https:\/\/www.sincomam.org.br\/index.php\/wp-json\/wp\/v2\/posts\/36192\/revisions"}],"predecessor-version":[{"id":36193,"href":"https:\/\/www.sincomam.org.br\/index.php\/wp-json\/wp\/v2\/posts\/36192\/revisions\/36193"}],"wp:featuredmedia":[{"embeddable":true,"href":"https:\/\/www.sincomam.org.br\/index.php\/wp-json\/wp\/v2\/media\/34895"}],"wp:attachment":[{"href":"https:\/\/www.sincomam.org.br\/index.php\/wp-json\/wp\/v2\/media?parent=36192"}],"wp:term":[{"taxonomy":"category","embeddable":true,"href":"https:\/\/www.sincomam.org.br\/index.php\/wp-json\/wp\/v2\/categories?post=36192"},{"taxonomy":"post_tag","embeddable":true,"href":"https:\/\/www.sincomam.org.br\/index.php\/wp-json\/wp\/v2\/tags?post=36192"}],"curies":[{"name":"wp","href":"https:\/\/api.w.org\/{rel}","templated":true}]}}