{"id":36190,"date":"2021-10-18T10:26:16","date_gmt":"2021-10-18T13:26:16","guid":{"rendered":"http:\/\/www.sincomam.org.br\/?p=36190"},"modified":"2021-10-18T10:26:16","modified_gmt":"2021-10-18T13:26:16","slug":"base-aerea-naval-de-sao-pedro-da-aldeia-apoia-operacao-saci-2021-do-exercito-brasileiro","status":"publish","type":"post","link":"https:\/\/www.sincomam.org.br\/index.php\/base-aerea-naval-de-sao-pedro-da-aldeia-apoia-operacao-saci-2021-do-exercito-brasileiro\/","title":{"rendered":"Base A\u00e9rea Naval de S\u00e3o Pedro da Aldeia apoia Opera\u00e7\u00e3o \u201cSaci 2021\u201d, do Ex\u00e9rcito Brasileiro"},"content":{"rendered":"<p>A Brigada de Infantaria Paraquedista, for\u00e7a de emprego estrat\u00e9gico do Ex\u00e9rcito Brasileiro, realizou seu tradicional exerc\u00edcio de simula\u00e7\u00e3o de combate, denominado Opera\u00e7\u00e3o \u201cSaci\u201d, nas cidades de S\u00e3o Pedro da Aldeia, B\u00fazios, Cabo Frio e Arraial do Cabo, no Estado do Rio de Janeiro entre os dias 12 e 15 de outubro. A a\u00e7\u00e3o teve o objetivo de adestrar a tropa paraquedista em a\u00e7\u00f5es de defesa externa, priorizando as opera\u00e7\u00f5es aeroterrestres e contou com as presen\u00e7as do Comandante da Brigada de Infantaria Paraquedista, General de Brigada Helder e do Comandante Militar do Leste, General de Ex\u00e9rcito Jos\u00e9 Eduardo.<\/p>\n<p>O exerc\u00edcio, que contou, tamb\u00e9m, com o apoio da For\u00e7a A\u00e9rea Brasileira, envolveu aproximadamente dois mil militares. Na atividade, foi empregada a mais moderna aeronave de fabrica\u00e7\u00e3o nacional do Pa\u00eds, o KC-390 da Empresa Brasileira de Aeron\u00e1utica S\/A (Embraer), al\u00e9m do C-130 (Hercules), do C-105 (Amazonas) e do C-95 (Bandeirante). O aprestamento da tropa teve in\u00edcio com a concentra\u00e7\u00e3o de meios na Base A\u00e9rea do Campo dos Afonsos (RJ), a partir da qual foram lan\u00e7adas equipes de precursores paraquedistas, infiltradas por meio de salto livre operacional de grande altitude, seguida do assalto aeroterrestre da tropa, a partir de Pousos de Assalto, na Base A\u00e9rea de S\u00e3o Pedro da Aldeia e salto em massa d\u2019\u00e1gua na Lagoa de Araruama.<\/p>\n<p>A disponibiliza\u00e7\u00e3o da pista de pouso da Base A\u00e9rea Naval de S\u00e3o Pedro da Aldeia foi importante no apoio log\u00edstico da miss\u00e3o, uma vez que proporcionou os Pousos de Assalto e o Ressuprimento da tropa. O Esquadr\u00e3o VF-1 (EsqdVF-1) apoiou com a cess\u00e3o do hangar para montagem de barracas do Posto de Comando da Brigada e da \u00e1rea externa para as demais barracas da tropa. No dia 15 de outubro, foi realizada uma Evacua\u00e7\u00e3o Aerom\u00e9dica, para o Hospital Central do Ex\u00e9rcito, com uma aeronave UH-12 Esquilo, de um militar que se feriu durante o exerc\u00edcio.<\/p>\n<p>Fonte: Centro de Comunica\u00e7\u00e3o Social da Marinha<\/p>\n","protected":false},"excerpt":{"rendered":"<p>A Brigada de Infantaria Paraquedista, for\u00e7a de emprego estrat\u00e9gico do Ex\u00e9rcito Brasileiro, realizou seu tradicional exerc\u00edcio de simula\u00e7\u00e3o de combate, denominado Opera\u00e7\u00e3o \u201cSaci\u201d, nas cidades&#8230;<\/p>\n","protected":false},"author":1527,"featured_media":30888,"comment_status":"closed","ping_status":"closed","sticky":false,"template":"","format":"standard","meta":{"footnotes":""},"categories":[6],"tags":[],"class_list":["post-36190","post","type-post","status-publish","format-standard","has-post-thumbnail","hentry","category-noticias"],"_links":{"self":[{"href":"https:\/\/www.sincomam.org.br\/index.php\/wp-json\/wp\/v2\/posts\/36190","targetHints":{"allow":["GET"]}}],"collection":[{"href":"https:\/\/www.sincomam.org.br\/index.php\/wp-json\/wp\/v2\/posts"}],"about":[{"href":"https:\/\/www.sincomam.org.br\/index.php\/wp-json\/wp\/v2\/types\/post"}],"author":[{"embeddable":true,"href":"https:\/\/www.sincomam.org.br\/index.php\/wp-json\/wp\/v2\/users\/1527"}],"replies":[{"embeddable":true,"href":"https:\/\/www.sincomam.org.br\/index.php\/wp-json\/wp\/v2\/comments?post=36190"}],"version-history":[{"count":1,"href":"https:\/\/www.sincomam.org.br\/index.php\/wp-json\/wp\/v2\/posts\/36190\/revisions"}],"predecessor-version":[{"id":36191,"href":"https:\/\/www.sincomam.org.br\/index.php\/wp-json\/wp\/v2\/posts\/36190\/revisions\/36191"}],"wp:featuredmedia":[{"embeddable":true,"href":"https:\/\/www.sincomam.org.br\/index.php\/wp-json\/wp\/v2\/media\/30888"}],"wp:attachment":[{"href":"https:\/\/www.sincomam.org.br\/index.php\/wp-json\/wp\/v2\/media?parent=36190"}],"wp:term":[{"taxonomy":"category","embeddable":true,"href":"https:\/\/www.sincomam.org.br\/index.php\/wp-json\/wp\/v2\/categories?post=36190"},{"taxonomy":"post_tag","embeddable":true,"href":"https:\/\/www.sincomam.org.br\/index.php\/wp-json\/wp\/v2\/tags?post=36190"}],"curies":[{"name":"wp","href":"https:\/\/api.w.org\/{rel}","templated":true}]}}