{"id":36185,"date":"2021-10-18T10:21:21","date_gmt":"2021-10-18T13:21:21","guid":{"rendered":"http:\/\/www.sincomam.org.br\/?p=36185"},"modified":"2021-10-18T10:21:21","modified_gmt":"2021-10-18T13:21:21","slug":"consolidacao-de-normas-de-regulacao-economico-financeira-sera-tema-de-audiencia-publica","status":"publish","type":"post","link":"https:\/\/www.sincomam.org.br\/index.php\/consolidacao-de-normas-de-regulacao-economico-financeira-sera-tema-de-audiencia-publica\/","title":{"rendered":"Consolida\u00e7\u00e3o de Normas de Regula\u00e7\u00e3o Econ\u00f4mico-Financeira ser\u00e1 tema de Audi\u00eancia p\u00fablica"},"content":{"rendered":"<p>A proposta de consolida\u00e7\u00e3o de normas relativas \u00e0 \u201cRegula\u00e7\u00e3o Econ\u00f4mico- Financeira \u2013 Regulamenta\u00e7\u00e3o das Opera\u00e7\u00f5es\u201d ser\u00e1 o tema da audi\u00eancia p\u00fablica virtual promovida pela Ag\u00eancia Nacional de Energia El\u00e9trica (Aneel) na pr\u00f3xima quarta-feira (20\/10), \u00e0s 14h. O evento ser\u00e1 transmitido ao vivo pelo canal da Ag\u00eancia no YouTube. Interessados em fazer exposi\u00e7\u00e3o durante a Audi\u00eancia P\u00fablica devem enviar os seus v\u00eddeos at\u00e9 12h do dia 19 de outubro.<\/p>\n<p>A minuta de Resolu\u00e7\u00e3o Normativa cont\u00e9m aprimoramentos em atos normativos que ser\u00e3o consolidados em uma \u00fanica norma, em mais um passo da Aneel para simplificar e aperfei\u00e7oar seu estoque regulat\u00f3rio. Al\u00e9m disso, a iniciativa atende ao Decreto 10.139, de 2019, que determina a consolida\u00e7\u00e3o ou revoga\u00e7\u00e3o de normas tacitamente revogadas ou cujos efeitos tenham se exaurido no tempo. Segundo a an\u00e1lise dos t\u00e9cnicos, foram necess\u00e1rias algumas altera\u00e7\u00f5es para atualizar itens que s\u00e3o inaplic\u00e1veis ou corre\u00e7\u00f5es pontuais que buscam conferir maior clareza ao texto, apesar de n\u00e3o contemplar altera\u00e7\u00e3o de m\u00e9rito na proposta.<\/p>\n<p>Confira a nova estrutura da norma proposta pela Aneel:<br \/>\nI &#8211; Anexo I &#8211; M\u00f3dulo I: Altera\u00e7\u00e3o de atos constitutivos;<br \/>\nII &#8211; Anexo II &#8211; M\u00f3dulo II: An\u00e1lise de atos de concentra\u00e7\u00e3o e infra\u00e7\u00f5es \u00e0 ordem econ\u00f4mica no setor de energia el\u00e9trica;<br \/>\nIII &#8211; Anexo III &#8211; M\u00f3dulo III: Transfer\u00eancia de controle societ\u00e1rio;<br \/>\nIV &#8211; Anexo IV &#8211; M\u00f3dulo IV: Desvincula\u00e7\u00e3o de bens;<br \/>\nV &#8211; Anexo V &#8211; M\u00f3dulo V: Atos e neg\u00f3cios jur\u00eddicos entre partes relacionadas;<br \/>\nVI &#8211; Anexo VI &#8211; M\u00f3dulo VI: Constitui\u00e7\u00e3o de Garantias;<br \/>\nVII &#8211; Anexo VII &#8211; M\u00f3dulo VII: Avalia\u00e7\u00e3o da qualidade dos sistemas de governan\u00e7a;<br \/>\nVIII &#8211; Anexo VIII &#8211; M\u00f3dulo VIII: Acompanhamento da efici\u00eancia em rela\u00e7\u00e3o \u00e0 continuidade do fornecimento e \u00e0 gest\u00e3o econ\u00f4mico-financeira.<\/p>\n<p>A consolida\u00e7\u00e3o da estrutura est\u00e1 em atendimento ao item 89 da Agenda Regulat\u00f3ria 2021-2022. Os documentos relacionados \u00e0 audi\u00eancia p\u00fablica 27\/2021 est\u00e3o dispon\u00edveis no link www.aneel.gov.br\/audiencias-publicas\u200b, assim como as orienta\u00e7\u00f5es para os interessados em se manifestar na audi\u00eancia p\u00fablica.<\/p>\n<p>Fonte: Aneel<\/p>\n","protected":false},"excerpt":{"rendered":"<p>A proposta de consolida\u00e7\u00e3o de normas relativas \u00e0 \u201cRegula\u00e7\u00e3o Econ\u00f4mico- Financeira \u2013 Regulamenta\u00e7\u00e3o das Opera\u00e7\u00f5es\u201d ser\u00e1 o tema da audi\u00eancia p\u00fablica virtual promovida pela Ag\u00eancia&#8230;<\/p>\n","protected":false},"author":1527,"featured_media":32749,"comment_status":"closed","ping_status":"closed","sticky":false,"template":"","format":"standard","meta":{"footnotes":""},"categories":[6],"tags":[],"class_list":["post-36185","post","type-post","status-publish","format-standard","has-post-thumbnail","hentry","category-noticias"],"_links":{"self":[{"href":"https:\/\/www.sincomam.org.br\/index.php\/wp-json\/wp\/v2\/posts\/36185","targetHints":{"allow":["GET"]}}],"collection":[{"href":"https:\/\/www.sincomam.org.br\/index.php\/wp-json\/wp\/v2\/posts"}],"about":[{"href":"https:\/\/www.sincomam.org.br\/index.php\/wp-json\/wp\/v2\/types\/post"}],"author":[{"embeddable":true,"href":"https:\/\/www.sincomam.org.br\/index.php\/wp-json\/wp\/v2\/users\/1527"}],"replies":[{"embeddable":true,"href":"https:\/\/www.sincomam.org.br\/index.php\/wp-json\/wp\/v2\/comments?post=36185"}],"version-history":[{"count":1,"href":"https:\/\/www.sincomam.org.br\/index.php\/wp-json\/wp\/v2\/posts\/36185\/revisions"}],"predecessor-version":[{"id":36186,"href":"https:\/\/www.sincomam.org.br\/index.php\/wp-json\/wp\/v2\/posts\/36185\/revisions\/36186"}],"wp:featuredmedia":[{"embeddable":true,"href":"https:\/\/www.sincomam.org.br\/index.php\/wp-json\/wp\/v2\/media\/32749"}],"wp:attachment":[{"href":"https:\/\/www.sincomam.org.br\/index.php\/wp-json\/wp\/v2\/media?parent=36185"}],"wp:term":[{"taxonomy":"category","embeddable":true,"href":"https:\/\/www.sincomam.org.br\/index.php\/wp-json\/wp\/v2\/categories?post=36185"},{"taxonomy":"post_tag","embeddable":true,"href":"https:\/\/www.sincomam.org.br\/index.php\/wp-json\/wp\/v2\/tags?post=36185"}],"curies":[{"name":"wp","href":"https:\/\/api.w.org\/{rel}","templated":true}]}}