{"id":36175,"date":"2021-10-15T10:35:42","date_gmt":"2021-10-15T13:35:42","guid":{"rendered":"http:\/\/www.sincomam.org.br\/?p=36175"},"modified":"2021-10-15T10:46:19","modified_gmt":"2021-10-15T13:46:19","slug":"trabalhadores-ameacam-bloquear-portos-da-italia-contra-passe-de-saude","status":"publish","type":"post","link":"https:\/\/www.sincomam.org.br\/index.php\/trabalhadores-ameacam-bloquear-portos-da-italia-contra-passe-de-saude\/","title":{"rendered":"Trabalhadores amea\u00e7am bloquear portos da It\u00e1lia contra passe de sa\u00fade"},"content":{"rendered":"<p>Um grupo de trabalhadores italianos est\u00e1 amea\u00e7ando bloquear &#8220;todas as opera\u00e7\u00f5es&#8221; dos portos de v\u00e1rias cidades do pa\u00eds europeu, a partir desta sexta-feira (15), em protesto contra a obrigatoriedade do certificado sanit\u00e1rio para todos os profissionais. A medida para tentar conter a propaga\u00e7\u00e3o da Covid-19 entrou em vigor e est\u00e1 deixando as categorias em p\u00e9 de guerra com o governo italiano porque, diante de uma cota de trabalhadores n\u00e3o vacinados, elas n\u00e3o querem privar as pessoas de suas fun\u00e7\u00f5es. O decreto assinado pelo primeiro-ministro Mario Draghi determina as diretrizes sobre a obriga\u00e7\u00e3o de todos os funcion\u00e1rios mostrarem seu passaporte sanit\u00e1rio antes de come\u00e7ar a trabalhar.<\/p>\n<p>&#8220;O bloqueio de sexta-feira (15) est\u00e1 confirmado, mas eles n\u00e3o v\u00e3o parar apenas os portos de Trieste e G\u00eanova. Quase todos os portos v\u00e3o parar&#8221;, anunciou Stefano Puzzer, porta-voz do sindicato dos trabalhadores da unidade. Segundo Puzzer, &#8220;sem media\u00e7\u00e3o com aqueles que violam as liberdades e direitos dos cidad\u00e3os italianos, a \u00fanica maneira poss\u00edvel \u00e9 a aboli\u00e7\u00e3o do passe verde&#8221;. O grupo garante que entrar\u00e1 em greve at\u00e9 que a meta seja atingida, mesmo que a decis\u00e3o n\u00e3o seja un\u00e2nime. O porta-voz dos estivadores afirmou ainda &#8220;que o porto de Trieste trabalha 90% com exporta\u00e7\u00e3o&#8221; e todos querem &#8220;ver o que os europeus dir\u00e3o quando verem que suas mercadorias est\u00e3o bloqueadas por um decreto aprovado apenas na It\u00e1lia&#8221;. A prefeitura local, por sua vez, pediu a revoga\u00e7\u00e3o da manifesta\u00e7\u00e3o e afirmou que greve n\u00e3o autorizada \u00e9 crime.<\/p>\n<p>J\u00e1 em G\u00eanova, onde algumas empresas est\u00e3o dispostas a arcar com o custo dos exames para detectar a Covid-19, os estivadores n\u00e3o vacinados chegariam a 20% do total. &#8220;Se o Estado entende que a vacina deve ser obrigat\u00f3ria, deveria fazer, assumindo suas responsabilidades e sem deleg\u00e1-las aos trabalhadores, entre os quais h\u00e1 muito medo. Que se encontrem outras solu\u00e7\u00f5es. Na It\u00e1lia s\u00e3o 12 vacinas obrigat\u00f3rias; 13 n\u00e3o fariam diferen\u00e7a&#8221;, enfatizou Jos\u00e9 Nivoi, porta-voz do Coletivo de Trabalhadores Aut\u00f4nomos do Porto (Calp).<\/p>\n<p>No entanto, mais ao sul, nos portos de N\u00e1poles, Castellammare di Stabia e Salerno, o risco de bloqueio de atividades parece muito baixo. Diversos prefeitos italianos e membros do Departamento de Seguran\u00e7a P\u00fablica publicaram um comunicado para alertar sobre os poss\u00edveis protestos e para pedir \u00e0s autoridades a &#8220;intensifica\u00e7\u00e3o m\u00e1xima&#8221; da opera\u00e7\u00e3o de controle dos territ\u00f3rios, al\u00e9m da &#8220;observa\u00e7\u00e3o&#8221; contra sujeitos ou grupos &#8220;considerados perigosos para a ordem p\u00fablica&#8221;. Para o membro do conselho da Coordena\u00e7\u00e3o dos Trabalhadores do Porto de Trieste, Alessandro Volk, seria uma jogada inteligente se o governo prorrogasse a medida at\u00e9 30 de outubro para depois encontrar uma solu\u00e7\u00e3o. At\u00e9 o momento, cerca de 2,5 milh\u00f5es de trabalhadores ainda n\u00e3o foram vacinados contra a Covid-19.<\/p>\n<p>&#8220;Nas pr\u00f3ximas horas, iniciativas contra o passe verde poder\u00e3o ocorrer em frente \u00e0s &#8220;entradas de empresas&#8221; e &#8220;em aeroportos, portos, terminais rodovi\u00e1rios e ferrovi\u00e1rios, visando criar transtornos com poss\u00edveis entraves \u00e0 regularidade dos servi\u00e7os e atividades produtivas&#8221;, diz o comunicado. Al\u00e9m disso, o delegado italiano Lamberto Giannini observa que n\u00e3o &#8220;se pode excluir&#8221; que a data \u00e9 &#8220;um pretexto para um protesto&#8221;, com &#8220;a\u00e7\u00f5es para objetivos expostos a risco e com poss\u00edveis epis\u00f3dios de conflito entre grupos aderentes a extremismos opostos&#8221;.<\/p>\n<p>Na tentativa de evitar o bloqueio, o Minist\u00e9rio do Interior da It\u00e1lia pediu \u00e0s empresas portu\u00e1rias que fa\u00e7am testes gratuitos aos seus trabalhadores, em vez deles terem que pagar. No entanto, os sindicatos responderam que s\u00f3 v\u00e3o parar se a medida, que ficar\u00e1 em vigor pelo menos at\u00e9 o final do ano, for revogada.<\/p>\n<p>Fonte: Portal Terra<\/p>\n","protected":false},"excerpt":{"rendered":"<p>Um grupo de trabalhadores italianos est\u00e1 amea\u00e7ando bloquear &#8220;todas as opera\u00e7\u00f5es&#8221; dos portos de v\u00e1rias cidades do pa\u00eds europeu, a partir desta sexta-feira (15), em&#8230;<\/p>\n","protected":false},"author":1527,"featured_media":17794,"comment_status":"closed","ping_status":"closed","sticky":false,"template":"","format":"standard","meta":{"footnotes":""},"categories":[6],"tags":[],"class_list":["post-36175","post","type-post","status-publish","format-standard","has-post-thumbnail","hentry","category-noticias"],"_links":{"self":[{"href":"https:\/\/www.sincomam.org.br\/index.php\/wp-json\/wp\/v2\/posts\/36175","targetHints":{"allow":["GET"]}}],"collection":[{"href":"https:\/\/www.sincomam.org.br\/index.php\/wp-json\/wp\/v2\/posts"}],"about":[{"href":"https:\/\/www.sincomam.org.br\/index.php\/wp-json\/wp\/v2\/types\/post"}],"author":[{"embeddable":true,"href":"https:\/\/www.sincomam.org.br\/index.php\/wp-json\/wp\/v2\/users\/1527"}],"replies":[{"embeddable":true,"href":"https:\/\/www.sincomam.org.br\/index.php\/wp-json\/wp\/v2\/comments?post=36175"}],"version-history":[{"count":1,"href":"https:\/\/www.sincomam.org.br\/index.php\/wp-json\/wp\/v2\/posts\/36175\/revisions"}],"predecessor-version":[{"id":36176,"href":"https:\/\/www.sincomam.org.br\/index.php\/wp-json\/wp\/v2\/posts\/36175\/revisions\/36176"}],"wp:featuredmedia":[{"embeddable":true,"href":"https:\/\/www.sincomam.org.br\/index.php\/wp-json\/wp\/v2\/media\/17794"}],"wp:attachment":[{"href":"https:\/\/www.sincomam.org.br\/index.php\/wp-json\/wp\/v2\/media?parent=36175"}],"wp:term":[{"taxonomy":"category","embeddable":true,"href":"https:\/\/www.sincomam.org.br\/index.php\/wp-json\/wp\/v2\/categories?post=36175"},{"taxonomy":"post_tag","embeddable":true,"href":"https:\/\/www.sincomam.org.br\/index.php\/wp-json\/wp\/v2\/tags?post=36175"}],"curies":[{"name":"wp","href":"https:\/\/api.w.org\/{rel}","templated":true}]}}