{"id":36167,"date":"2021-10-15T10:09:19","date_gmt":"2021-10-15T13:09:19","guid":{"rendered":"http:\/\/www.sincomam.org.br\/?p=36167"},"modified":"2021-10-15T10:09:19","modified_gmt":"2021-10-15T13:09:19","slug":"maior-usina-solar-de-sao-paulo-e-autorizada-a-iniciar-operacao-com-seis-meses-de-antecedencia","status":"publish","type":"post","link":"https:\/\/www.sincomam.org.br\/index.php\/maior-usina-solar-de-sao-paulo-e-autorizada-a-iniciar-operacao-com-seis-meses-de-antecedencia\/","title":{"rendered":"Maior usina solar de S\u00e3o Paulo \u00e9 autorizada a iniciar opera\u00e7\u00e3o com seis meses de anteced\u00eancia"},"content":{"rendered":"<p>A Ag\u00eancia Nacional de Energia El\u00e9trica (Aneel) autorizou, a partir desta sexta-feira (15), o in\u00edcio da opera\u00e7\u00e3o comercial das UFVs Pereira Barreto I a IV, com 167,58 megawatts (MW) de capacidade instalada. O empreendimento da EDP Renov\u00e1veis \u00e9 a maior central de gera\u00e7\u00e3o de energia solar do Estado de S\u00e3o Paulo, contando com mais de 600 mil pain\u00e9is voltados para a produ\u00e7\u00e3o de energia el\u00e9trica limpa e renov\u00e1vel.<\/p>\n<p>O empreendimento inicia sua opera\u00e7\u00e3o com 6 meses de anteced\u00eancia em rela\u00e7\u00e3o ao seu compromisso na outorga da Aneel e ajudar\u00e1 no enfrentamento da atual conjuntura hidroenerg\u00e9tica, produzindo energia ao Sistema Interligado Nacional (SIN). A entrada em opera\u00e7\u00e3o da UFV Pereira Barreto representa a supera\u00e7\u00e3o da marca de 4 GW de gera\u00e7\u00e3o solar centralizada em opera\u00e7\u00e3o no Sistema Interligado Nacional.<\/p>\n<p>A usina est\u00e1 localizada no Munic\u00edpio de Pereira Barreto, no Noroeste do Estado de S\u00e3o Paulo e fica nas margens do reservat\u00f3rio da Usina Hidrel\u00e9trica de Tr\u00eas Irm\u00e3os.<\/p>\n<p>Fonte: Aneel<\/p>\n","protected":false},"excerpt":{"rendered":"<p>A Ag\u00eancia Nacional de Energia El\u00e9trica (Aneel) autorizou, a partir desta sexta-feira (15), o in\u00edcio da opera\u00e7\u00e3o comercial das UFVs Pereira Barreto I a IV,&#8230;<\/p>\n","protected":false},"author":1527,"featured_media":4294,"comment_status":"closed","ping_status":"closed","sticky":false,"template":"","format":"standard","meta":{"footnotes":""},"categories":[6],"tags":[],"class_list":["post-36167","post","type-post","status-publish","format-standard","has-post-thumbnail","hentry","category-noticias"],"_links":{"self":[{"href":"https:\/\/www.sincomam.org.br\/index.php\/wp-json\/wp\/v2\/posts\/36167","targetHints":{"allow":["GET"]}}],"collection":[{"href":"https:\/\/www.sincomam.org.br\/index.php\/wp-json\/wp\/v2\/posts"}],"about":[{"href":"https:\/\/www.sincomam.org.br\/index.php\/wp-json\/wp\/v2\/types\/post"}],"author":[{"embeddable":true,"href":"https:\/\/www.sincomam.org.br\/index.php\/wp-json\/wp\/v2\/users\/1527"}],"replies":[{"embeddable":true,"href":"https:\/\/www.sincomam.org.br\/index.php\/wp-json\/wp\/v2\/comments?post=36167"}],"version-history":[{"count":1,"href":"https:\/\/www.sincomam.org.br\/index.php\/wp-json\/wp\/v2\/posts\/36167\/revisions"}],"predecessor-version":[{"id":36168,"href":"https:\/\/www.sincomam.org.br\/index.php\/wp-json\/wp\/v2\/posts\/36167\/revisions\/36168"}],"wp:featuredmedia":[{"embeddable":true,"href":"https:\/\/www.sincomam.org.br\/index.php\/wp-json\/wp\/v2\/media\/4294"}],"wp:attachment":[{"href":"https:\/\/www.sincomam.org.br\/index.php\/wp-json\/wp\/v2\/media?parent=36167"}],"wp:term":[{"taxonomy":"category","embeddable":true,"href":"https:\/\/www.sincomam.org.br\/index.php\/wp-json\/wp\/v2\/categories?post=36167"},{"taxonomy":"post_tag","embeddable":true,"href":"https:\/\/www.sincomam.org.br\/index.php\/wp-json\/wp\/v2\/tags?post=36167"}],"curies":[{"name":"wp","href":"https:\/\/api.w.org\/{rel}","templated":true}]}}