{"id":36163,"date":"2021-10-14T08:06:09","date_gmt":"2021-10-14T11:06:09","guid":{"rendered":"http:\/\/www.sincomam.org.br\/?p=36163"},"modified":"2021-10-13T23:09:04","modified_gmt":"2021-10-14T02:09:04","slug":"porto-de-imbituba-fecha-setembro-com-alta-de-96-na-movimentacao-de-cargas","status":"publish","type":"post","link":"https:\/\/www.sincomam.org.br\/index.php\/porto-de-imbituba-fecha-setembro-com-alta-de-96-na-movimentacao-de-cargas\/","title":{"rendered":"Porto de Imbituba fecha setembro com alta de 9,6% na movimenta\u00e7\u00e3o de cargas"},"content":{"rendered":"<p>O Porto de Imbituba movimentou 660,9 mil toneladas de cargas em setembro. O resultado representa uma alta de 9,6% em rela\u00e7\u00e3o ao realizado no mesmo per\u00edodo do ano passado. \u00c9 a melhor marca que se tem registro para o m\u00eas de setembro na hist\u00f3ria do porto. Com o fechamento do m\u00eas, Imbituba tamb\u00e9m consolidou o 3\u00ba trimestre com crescimento de 19,4% em compara\u00e7\u00e3o com o acumulado de julho, agosto e setembro do ano passado. De janeiro a setembro de 2021, passaram pelo porto aproximadamente cinco milh\u00f5es de toneladas, movimenta\u00e7\u00e3o 14,6% maior que a realizada no mesmo per\u00edodo de 2020.<\/p>\n<p>A receita l\u00edquida da autoridade portu\u00e1ria no 3\u00ba trimestre foi de R$ 16,4 milh\u00f5es, um crescimento de 24% em compara\u00e7\u00e3o ao realizado em 2020. No acumulado do ano, a administra\u00e7\u00e3o do porto registrou alta de 25% no faturamento l\u00edquido, valor utilizado para manuten\u00e7\u00e3o e novos investimentos na infraestrutura, como a obra de recupera\u00e7\u00e3o e amplia\u00e7\u00e3o do Cais 3, prevista para ser licitada neste semestre. \u201cEstamos muito satisfeitos por poder celebrar mais um m\u00eas de excelentes resultados operacionais e financeiros, reflexo do trabalho de uma ampla comunidade portu\u00e1ria, formada por mais de mil trabalhadores diretos e diversas empresas e institui\u00e7\u00f5es p\u00fablicas, que dia a dia garantem o abastecimento e a gera\u00e7\u00e3o de renda para Santa Catarina\u201d, avalia o diretor-presidente da SCPAR Porto de Imbituba, F\u00e1bio Riera.<\/p>\n<p>Ao todo, o Porto de Imbituba recebeu 25 atraca\u00e7\u00f5es em setembro. As principais cargas movimentadas foram o coque (291,5 mil t), o farelo de soja (61, 4 mil t), o milho (60,2 mil t) e os cont\u00eaineres (59,5 mil t). Tamb\u00e9m foram operados min\u00e9rio de ferro, sulfato de s\u00f3dio, sal, hulha betuminosa, cloreto de pot\u00e1ssio, barrilha, fertilizantes e geradores.<\/p>\n<p>No per\u00edodo, as importa\u00e7\u00f5es representaram a maioria das opera\u00e7\u00f5es (61%), seguida das exporta\u00e7\u00f5es (30,1%) e da cabotagem (8,9%). Na exporta\u00e7\u00e3o, destaque para o coque, o farelo de soja e o min\u00e9rio de ferro e, na importa\u00e7\u00e3o, tamb\u00e9m o coque, seguido do milho e do sulfato de s\u00f3dio.<\/p>\n<p>Fonte: Portos e Navios<\/p>\n","protected":false},"excerpt":{"rendered":"<p>O Porto de Imbituba movimentou 660,9 mil toneladas de cargas em setembro. O resultado representa uma alta de 9,6% em rela\u00e7\u00e3o ao realizado no mesmo&#8230;<\/p>\n","protected":false},"author":1527,"featured_media":30294,"comment_status":"closed","ping_status":"closed","sticky":false,"template":"","format":"standard","meta":{"footnotes":""},"categories":[6],"tags":[],"class_list":["post-36163","post","type-post","status-publish","format-standard","has-post-thumbnail","hentry","category-noticias"],"_links":{"self":[{"href":"https:\/\/www.sincomam.org.br\/index.php\/wp-json\/wp\/v2\/posts\/36163","targetHints":{"allow":["GET"]}}],"collection":[{"href":"https:\/\/www.sincomam.org.br\/index.php\/wp-json\/wp\/v2\/posts"}],"about":[{"href":"https:\/\/www.sincomam.org.br\/index.php\/wp-json\/wp\/v2\/types\/post"}],"author":[{"embeddable":true,"href":"https:\/\/www.sincomam.org.br\/index.php\/wp-json\/wp\/v2\/users\/1527"}],"replies":[{"embeddable":true,"href":"https:\/\/www.sincomam.org.br\/index.php\/wp-json\/wp\/v2\/comments?post=36163"}],"version-history":[{"count":1,"href":"https:\/\/www.sincomam.org.br\/index.php\/wp-json\/wp\/v2\/posts\/36163\/revisions"}],"predecessor-version":[{"id":36164,"href":"https:\/\/www.sincomam.org.br\/index.php\/wp-json\/wp\/v2\/posts\/36163\/revisions\/36164"}],"wp:featuredmedia":[{"embeddable":true,"href":"https:\/\/www.sincomam.org.br\/index.php\/wp-json\/wp\/v2\/media\/30294"}],"wp:attachment":[{"href":"https:\/\/www.sincomam.org.br\/index.php\/wp-json\/wp\/v2\/media?parent=36163"}],"wp:term":[{"taxonomy":"category","embeddable":true,"href":"https:\/\/www.sincomam.org.br\/index.php\/wp-json\/wp\/v2\/categories?post=36163"},{"taxonomy":"post_tag","embeddable":true,"href":"https:\/\/www.sincomam.org.br\/index.php\/wp-json\/wp\/v2\/tags?post=36163"}],"curies":[{"name":"wp","href":"https:\/\/api.w.org\/{rel}","templated":true}]}}