{"id":36155,"date":"2021-10-14T08:00:52","date_gmt":"2021-10-14T11:00:52","guid":{"rendered":"http:\/\/www.sincomam.org.br\/?p=36155"},"modified":"2021-10-13T23:11:26","modified_gmt":"2021-10-14T02:11:26","slug":"senado-aprova-medida-cautelar-de-urgencia-em-caso-de-violencia-contra-mulher","status":"publish","type":"post","link":"https:\/\/www.sincomam.org.br\/index.php\/senado-aprova-medida-cautelar-de-urgencia-em-caso-de-violencia-contra-mulher\/","title":{"rendered":"Senado aprova medida cautelar de urg\u00eancia em caso de viol\u00eancia contra mulher"},"content":{"rendered":"<p>Por 71 votos a favor e nenhum contr\u00e1rio, o Senado aprovou, nesta quarta-feira (13), projeto que autoriza, em casos de viol\u00eancia dom\u00e9stica, a concess\u00e3o de medidas cautelares de urg\u00eancia, como a pris\u00e3o preventiva, independentemente de manifesta\u00e7\u00e3o do Minist\u00e9rio P\u00fablico ou de oitiva das partes. O PL 4.194\/2019, de autoria do senador Jorge Kajuru (Podemos-GO), teve parecer favor\u00e1vel do senador Veneziano Vital do R\u00eago (MDB-PB) e segue para an\u00e1lise da C\u00e2mara dos Deputados.<\/p>\n<p>Atualmente, o C\u00f3digo de Processo Penal (Decreto-Lei 3.389, de 1941) define que as medidas cautelares ser\u00e3o decretadas pelo juiz a requerimento das partes ou, quando no curso da investiga\u00e7\u00e3o criminal, por representa\u00e7\u00e3o da autoridade policial ou mediante requerimento do Minist\u00e9rio P\u00fablico. O texto tamb\u00e9m modifica o C\u00f3digo de Processo Penal ao permitir a decreta\u00e7\u00e3o de pris\u00e3o preventiva nos casos de viol\u00eancia dom\u00e9stica e familiar de qualquer natureza \u2013 n\u00e3o somente quando tiverem \u201cmulher, crian\u00e7a, adolescente, idoso, enfermo ou pessoa com defici\u00eancia\u201d como v\u00edtimas. Na justifica\u00e7\u00e3o de seu projeto, Kajuru destaca a necessidade de se \u201cgarantir que outras pessoas, situadas no polo de v\u00edtimas, em face de circunst\u00e2ncias suscitadas por rela\u00e7\u00f5es de intimidade, possam contar com a devida prote\u00e7\u00e3o legal\u201d.<\/p>\n<p>Com o objetivo de abarcar o \u00e2mbito familiar estendido, o texto tamb\u00e9m altera no C\u00f3digo Penal a nomenclatura do delito de les\u00e3o corporal praticado no \u00e2mbito dom\u00e9stico: onde o c\u00f3digo disp\u00f5e apenas sobre \u201cviol\u00eancia dom\u00e9stica\u201d, Kajuru prop\u00f4s o termo \u201cles\u00e3o resultante de viol\u00eancia dom\u00e9stica e familiar\u201d. Veneziano acolheu sugest\u00e3o de emenda oferecida pelo senador Fabiano Contarato (Rede-ES) que insere os termos \u201cles\u00e3o corporal resultante de viol\u00eancia dom\u00e9stica e familiar\u201d e \u201cles\u00e3o corporal resultante de viol\u00eancia contra a mulher\u201d; seu objetivo foi tornar mais clara a terminologia no C\u00f3digo Penal. As outras oito emendas recebidas foram rejeitadas pelo relator. O texto aprovado pelos senadores tamb\u00e9m incorpora modifica\u00e7\u00e3o que inclui entre as poss\u00edveis v\u00edtimas de crimes de viol\u00eancia dom\u00e9stica e familiar \u201cqualquer pessoa que conviva ou tenha convivido com o agente\u201d.<\/p>\n<p><strong>Discuss\u00e3o<br \/>\n<\/strong>Entre os senadores que se pronunciaram durante a vota\u00e7\u00e3o, Zenaide Maia (PROS-RN) avaliou que o projeto \u00e9 um avan\u00e7o para preservar a integridade da v\u00edtima, que deve ser atendida com a maior urg\u00eancia poss\u00edvel. \u201cEm muitas cidades do interior, e na pr\u00f3pria capital em fins de semana, [mulheres] s\u00e3o agredidas e n\u00e3o t\u00eam como comunicar de imediato ao Minist\u00e9rio P\u00fablico\u201d, lembrou. Por sua vez, a senadora Rose de Freitas (MDB-ES) cobrou rigor na efetividade da aplica\u00e7\u00e3o das medidas cautelares em defesa da mulher e avaliou que somente a educa\u00e7\u00e3o poder\u00e1 promover o fim da agressividade e da indignidade. \u201cIsso n\u00e3o pode subsistir. O mundo muda, e a viol\u00eancia contra a mulher n\u00e3o est\u00e1 mudando\u201d.<\/p>\n<p>Fonte: Ag\u00eancia Senado<\/p>\n","protected":false},"excerpt":{"rendered":"<p>Por 71 votos a favor e nenhum contr\u00e1rio, o Senado aprovou, nesta quarta-feira (13), projeto que autoriza, em casos de viol\u00eancia dom\u00e9stica, a concess\u00e3o de&#8230;<\/p>\n","protected":false},"author":1527,"featured_media":30403,"comment_status":"closed","ping_status":"closed","sticky":false,"template":"","format":"standard","meta":{"footnotes":""},"categories":[6],"tags":[],"class_list":["post-36155","post","type-post","status-publish","format-standard","has-post-thumbnail","hentry","category-noticias"],"_links":{"self":[{"href":"https:\/\/www.sincomam.org.br\/index.php\/wp-json\/wp\/v2\/posts\/36155","targetHints":{"allow":["GET"]}}],"collection":[{"href":"https:\/\/www.sincomam.org.br\/index.php\/wp-json\/wp\/v2\/posts"}],"about":[{"href":"https:\/\/www.sincomam.org.br\/index.php\/wp-json\/wp\/v2\/types\/post"}],"author":[{"embeddable":true,"href":"https:\/\/www.sincomam.org.br\/index.php\/wp-json\/wp\/v2\/users\/1527"}],"replies":[{"embeddable":true,"href":"https:\/\/www.sincomam.org.br\/index.php\/wp-json\/wp\/v2\/comments?post=36155"}],"version-history":[{"count":1,"href":"https:\/\/www.sincomam.org.br\/index.php\/wp-json\/wp\/v2\/posts\/36155\/revisions"}],"predecessor-version":[{"id":36156,"href":"https:\/\/www.sincomam.org.br\/index.php\/wp-json\/wp\/v2\/posts\/36155\/revisions\/36156"}],"wp:featuredmedia":[{"embeddable":true,"href":"https:\/\/www.sincomam.org.br\/index.php\/wp-json\/wp\/v2\/media\/30403"}],"wp:attachment":[{"href":"https:\/\/www.sincomam.org.br\/index.php\/wp-json\/wp\/v2\/media?parent=36155"}],"wp:term":[{"taxonomy":"category","embeddable":true,"href":"https:\/\/www.sincomam.org.br\/index.php\/wp-json\/wp\/v2\/categories?post=36155"},{"taxonomy":"post_tag","embeddable":true,"href":"https:\/\/www.sincomam.org.br\/index.php\/wp-json\/wp\/v2\/tags?post=36155"}],"curies":[{"name":"wp","href":"https:\/\/api.w.org\/{rel}","templated":true}]}}