{"id":36153,"date":"2021-10-14T08:14:00","date_gmt":"2021-10-14T11:14:00","guid":{"rendered":"http:\/\/www.sincomam.org.br\/?p=36153"},"modified":"2021-10-14T08:31:24","modified_gmt":"2021-10-14T11:31:24","slug":"agencia-abre-consulta-publica-sobre-prestacao-de-contas-do-procel","status":"publish","type":"post","link":"https:\/\/www.sincomam.org.br\/index.php\/agencia-abre-consulta-publica-sobre-prestacao-de-contas-do-procel\/","title":{"rendered":"Ag\u00eancia abre consulta p\u00fablica sobre presta\u00e7\u00e3o de contas do PROCEL"},"content":{"rendered":"<p>A diretoria da Ag\u00eancia Nacional de Energia El\u00e9trica (Aneel) aprovou nesta quarta-feira (13) a abertura de Consulta P\u00fablica (CP066\/2021) sobre a Presta\u00e7\u00e3o de Contas do Terceiro Plano de Aplica\u00e7\u00e3o de Recursos do Programa Nacional de Conserva\u00e7\u00e3o de Energia El\u00e9trica (3\u00ba PAR-Procel). As sugest\u00f5es poder\u00e3o ser enviadas a partir desta sexta-feira (15) para o e mail cp066_2021@aneel.gov.br. O prazo para a Aneel receber contribui\u00e7\u00f5es vai at\u00e9 29 de novembro.<\/p>\n<p>Conforme o voto do diretor-relator Sandoval Feitosa, a consulta p\u00fablica tem o objetivo de proporcionar transpar\u00eancia ao repasse de recursos destinados ao Procel. A legisla\u00e7\u00e3o (Lei 13.280\/2016) estabelece que o repasse est\u00e1 condicionado \u00e0 apresenta\u00e7\u00e3o e aprova\u00e7\u00e3o do plano anterior e sua respectiva presta\u00e7\u00e3o de contas.<\/p>\n<p>As empresas distribuidoras de energia el\u00e9trica foram autorizadas pela Aneel a recolher o percentual de 20% dos recursos destinados aos programas de efici\u00eancia energ\u00e9tica para financiar o Terceiro Plano de Aplica\u00e7\u00e3o de Recursos do Programa Nacional de Conserva\u00e7\u00e3o de Energia El\u00e9trica (3\u00ba PAR-Procel).<\/p>\n<p>Fonte: Aneel<\/p>\n","protected":false},"excerpt":{"rendered":"<p>A diretoria da Ag\u00eancia Nacional de Energia El\u00e9trica (Aneel) aprovou nesta quarta-feira (13) a abertura de Consulta P\u00fablica (CP066\/2021) sobre a Presta\u00e7\u00e3o de Contas do&#8230;<\/p>\n","protected":false},"author":1527,"featured_media":32749,"comment_status":"closed","ping_status":"closed","sticky":false,"template":"","format":"standard","meta":{"footnotes":""},"categories":[6],"tags":[],"class_list":["post-36153","post","type-post","status-publish","format-standard","has-post-thumbnail","hentry","category-noticias"],"_links":{"self":[{"href":"https:\/\/www.sincomam.org.br\/index.php\/wp-json\/wp\/v2\/posts\/36153","targetHints":{"allow":["GET"]}}],"collection":[{"href":"https:\/\/www.sincomam.org.br\/index.php\/wp-json\/wp\/v2\/posts"}],"about":[{"href":"https:\/\/www.sincomam.org.br\/index.php\/wp-json\/wp\/v2\/types\/post"}],"author":[{"embeddable":true,"href":"https:\/\/www.sincomam.org.br\/index.php\/wp-json\/wp\/v2\/users\/1527"}],"replies":[{"embeddable":true,"href":"https:\/\/www.sincomam.org.br\/index.php\/wp-json\/wp\/v2\/comments?post=36153"}],"version-history":[{"count":1,"href":"https:\/\/www.sincomam.org.br\/index.php\/wp-json\/wp\/v2\/posts\/36153\/revisions"}],"predecessor-version":[{"id":36154,"href":"https:\/\/www.sincomam.org.br\/index.php\/wp-json\/wp\/v2\/posts\/36153\/revisions\/36154"}],"wp:featuredmedia":[{"embeddable":true,"href":"https:\/\/www.sincomam.org.br\/index.php\/wp-json\/wp\/v2\/media\/32749"}],"wp:attachment":[{"href":"https:\/\/www.sincomam.org.br\/index.php\/wp-json\/wp\/v2\/media?parent=36153"}],"wp:term":[{"taxonomy":"category","embeddable":true,"href":"https:\/\/www.sincomam.org.br\/index.php\/wp-json\/wp\/v2\/categories?post=36153"},{"taxonomy":"post_tag","embeddable":true,"href":"https:\/\/www.sincomam.org.br\/index.php\/wp-json\/wp\/v2\/tags?post=36153"}],"curies":[{"name":"wp","href":"https:\/\/api.w.org\/{rel}","templated":true}]}}