{"id":36150,"date":"2021-10-14T08:13:25","date_gmt":"2021-10-14T11:13:25","guid":{"rendered":"http:\/\/www.sincomam.org.br\/?p=36150"},"modified":"2021-10-13T23:13:40","modified_gmt":"2021-10-14T02:13:40","slug":"dolar-cai-para-r-550-apos-intervencao-do-banco-central","status":"publish","type":"post","link":"https:\/\/www.sincomam.org.br\/index.php\/dolar-cai-para-r-550-apos-intervencao-do-banco-central\/","title":{"rendered":"D\u00f3lar cai para R$ 5,50 ap\u00f3s interven\u00e7\u00e3o do Banco Central"},"content":{"rendered":"<p>Com a ajuda do Banco Central (BC), que interveio no c\u00e2mbio, o d\u00f3lar teve leve queda depois de encostar em R$ 5,60 durante o dia. A bolsa de valores subiu e fechou acima dos 113 mil pontos pela primeira vez no m\u00eas. O d\u00f3lar comercial encerrou esta quarta-feira (13) vendido a R$ 5,509, com recuo de R$ 0,028 (-0,51%). A cota\u00e7\u00e3o operou em alta durante quase toda a sess\u00e3o, chegando a R$ 5,57 na m\u00e1xima do dia, por volta das 15h. A tend\u00eancia s\u00f3 se inverteu quando o BC fez um leil\u00e3o surpresa de US$ 1 bilh\u00e3o em contratos de swap cambial, opera\u00e7\u00e3o que equivale \u00e0 venda de d\u00f3lares no mercado futuro.<\/p>\n<p>A queda de hoje foi a maior desde 1\u00ba de outubro, quando a moeda norte-americana tinha ca\u00eddo 1,4%. A divisa acumula alta de 1,16% neste m\u00eas e de 6,17% em 2021. O mercado de a\u00e7\u00f5es teve um dia menos tenso, marcado pela recupera\u00e7\u00e3o ap\u00f3s a queda de segunda-feira (11). O \u00edndice Ibovespa, da B3, fechou aos 111.807 pontos, com alta de 1,14%. O indicador est\u00e1 no maior n\u00edvel desde 27 de setembro.<\/p>\n<p>Num dia em que o d\u00f3lar ca\u00eda ou permanecia est\u00e1vel diante das principais divisas, as incertezas internas influenciaram mais o mercado que o cen\u00e1rio internacional. Os investidores aguardam a vota\u00e7\u00e3o da proposta de emenda \u00e0 Constitui\u00e7\u00e3o (PEC) que parcela os precat\u00f3rios e do projeto de lei que reformula o Imposto de Renda. A primeira proposta liberaria at\u00e9 R$ 50 bilh\u00f5es para serem gastos no pr\u00f3ximo ano e a segunda proposta poderia reduzir a arrecada\u00e7\u00e3o nos pr\u00f3ximos anos, dificultando o reequil\u00edbrio das contas p\u00fablicas.<\/p>\n<p>Fonte: Ag\u00eancia Brasil com informa\u00e7\u00f5es da Reuters<\/p>\n","protected":false},"excerpt":{"rendered":"<p>Com a ajuda do Banco Central (BC), que interveio no c\u00e2mbio, o d\u00f3lar teve leve queda depois de encostar em R$ 5,60 durante o dia&#8230;.<\/p>\n","protected":false},"author":1527,"featured_media":18080,"comment_status":"closed","ping_status":"closed","sticky":false,"template":"","format":"standard","meta":{"footnotes":""},"categories":[6],"tags":[],"class_list":["post-36150","post","type-post","status-publish","format-standard","has-post-thumbnail","hentry","category-noticias"],"_links":{"self":[{"href":"https:\/\/www.sincomam.org.br\/index.php\/wp-json\/wp\/v2\/posts\/36150","targetHints":{"allow":["GET"]}}],"collection":[{"href":"https:\/\/www.sincomam.org.br\/index.php\/wp-json\/wp\/v2\/posts"}],"about":[{"href":"https:\/\/www.sincomam.org.br\/index.php\/wp-json\/wp\/v2\/types\/post"}],"author":[{"embeddable":true,"href":"https:\/\/www.sincomam.org.br\/index.php\/wp-json\/wp\/v2\/users\/1527"}],"replies":[{"embeddable":true,"href":"https:\/\/www.sincomam.org.br\/index.php\/wp-json\/wp\/v2\/comments?post=36150"}],"version-history":[{"count":1,"href":"https:\/\/www.sincomam.org.br\/index.php\/wp-json\/wp\/v2\/posts\/36150\/revisions"}],"predecessor-version":[{"id":36151,"href":"https:\/\/www.sincomam.org.br\/index.php\/wp-json\/wp\/v2\/posts\/36150\/revisions\/36151"}],"wp:featuredmedia":[{"embeddable":true,"href":"https:\/\/www.sincomam.org.br\/index.php\/wp-json\/wp\/v2\/media\/18080"}],"wp:attachment":[{"href":"https:\/\/www.sincomam.org.br\/index.php\/wp-json\/wp\/v2\/media?parent=36150"}],"wp:term":[{"taxonomy":"category","embeddable":true,"href":"https:\/\/www.sincomam.org.br\/index.php\/wp-json\/wp\/v2\/categories?post=36150"},{"taxonomy":"post_tag","embeddable":true,"href":"https:\/\/www.sincomam.org.br\/index.php\/wp-json\/wp\/v2\/tags?post=36150"}],"curies":[{"name":"wp","href":"https:\/\/api.w.org\/{rel}","templated":true}]}}