{"id":3612,"date":"2014-02-13T09:44:05","date_gmt":"2014-02-13T11:44:05","guid":{"rendered":"http:\/\/www.sincomam.org.br\/?p=3612"},"modified":"2014-02-13T10:59:09","modified_gmt":"2014-02-13T12:59:09","slug":"seguro-desemprego-so-4-passam-por-qualificacao-profissional","status":"publish","type":"post","link":"https:\/\/www.sincomam.org.br\/index.php\/seguro-desemprego-so-4-passam-por-qualificacao-profissional\/","title":{"rendered":"Seguro-desemprego: s\u00f3 4% passam por qualifica\u00e7\u00e3o profissional"},"content":{"rendered":"<p><em><strong>Governo n\u00e3o consegue disponibilizar curso exigido para que benef\u00edcio seja pago ao trabalhador e 96% acabam dispensados<br \/><\/strong><\/em><br \/>O governo tentou, mas na pr\u00e1tica n\u00e3o conseguiu apertar as regras para pagamento do seguro-desemprego. A medida, que tem como objetivo reduzir os gastos com esse benef\u00edcio, n\u00e3o vingou. De cada 100 pessoas que pediram o aux\u00edlio nos dois \u00faltimos meses do ano passado, 96 foram liberadas da exig\u00eancia de se matricular em um curso de qualifica\u00e7\u00e3o profissional.<em><strong><br \/><\/strong><\/em><\/p>\n<p>Segundo dados obtidos pelo Estado, dos 744.056 desempregados que solicitaram o seguro pela segunda vez ou mais em dez anos em todo o Pa\u00eds, um total de 30.918 foi obrigado a se pr\u00e9-matricular em aulas de reciclagem \u2013 4% do total.<\/p>\n<p>A quantidade de pessoas que, de fato, fizeram o curso pode ser ainda menor que os quase 31 mil demitidos, j\u00e1 que esse levantamento n\u00e3o mostra se os benefici\u00e1rios chegaram a efetivar a matr\u00edcula em uma das institui\u00e7\u00f5es que oferecem cursos de qualifica\u00e7\u00e3o profissional por meio do Programa Nacional de Acesso ao Ensino T\u00e9cnico e Emprego (Pronatec).<\/p>\n<p>Embora os Minist\u00e9rios do Trabalho e da Educa\u00e7\u00e3o tenham divulgado uma converg\u00eancia nos sistemas dos \u00f3rg\u00e3os, n\u00e3o \u00e9 poss\u00edvel acompanhar a frequ\u00eancia de cada um dos segurados nos cursos e, muito menos, se eles conseguiram emprego depois da qualifica\u00e7\u00e3o.<\/p>\n<p><b>Nova regra<\/b><\/p>\n<p>De abril de 2012 at\u00e9 outubro do ano passado, os cursos s\u00f3 eram obrigat\u00f3rios para quem pedisse o seguro-desemprego pela terceira vez ou mais em um per\u00edodo de dez anos. A partir de novembro, uma nova regra estabeleceu que a exig\u00eancia seria a partir do segundo pedido. O governo chegou a cogitar restringir ainda mais o pagamento, com a imposi\u00e7\u00e3o de que todos os benefici\u00e1rios voltassem \u00e0 sala de aula.<\/p>\n<p>No entanto, faltam cursos para os desempregados. Para ser liberado de frequentar a reciclagem basta que no momento em que pedir o seguro-desemprego n\u00e3o haja cursos dispon\u00edveis na \u00e1rea de atua\u00e7\u00e3o do benefici\u00e1rio \u2013 levando em conta suas \u00faltimas ocupa\u00e7\u00f5es \u2013 ou na regi\u00e3o pr\u00f3xima de onde ele mora.<\/p>\n<p>Fl\u00e1vio Sabino Amurim, 36 anos, concluiu h\u00e1 mais de um ano o curso de agente de informa\u00e7\u00f5es tur\u00edsticas pelo Instituto Federal de Bras\u00edlia (IFB), mas at\u00e9 hoje est\u00e1 desempregado, embora afirme que deixou curr\u00edculos em todos os hot\u00e9is da capital federal. Ele diz que foi orientado a fazer o curso, mesmo nunca tendo trabalhado na \u00e1rea, com a justificativa de que os grandes eventos esportivos no Brasil ampliariam a oferta de emprego. Ele diz que o curso n\u00e3o foi em v\u00e3o porque conseguiu atuar, como volunt\u00e1rio, na Copa das Confedera\u00e7\u00f5es. &#8220;Tomara que algum gerente de hotel retire meu curr\u00edculo do fundo da gaveta e me chame para trabalhar antes da Copa.&#8221;<\/p>\n<p>Fonte: Estado de S. Paulo<br \/>Foto: O Globo<\/p>\n<p><em><strong>\u00a0<\/strong><\/em><\/p>\n<h1><\/h1>\n","protected":false},"excerpt":{"rendered":"<p>Governo n\u00e3o consegue disponibilizar curso exigido para que benef\u00edcio seja pago ao trabalhador e 96% acabam dispensadosO governo tentou, mas na pr\u00e1tica n\u00e3o conseguiu apertar&#8230;<\/p>\n","protected":false},"author":1182,"featured_media":3613,"comment_status":"closed","ping_status":"closed","sticky":false,"template":"","format":"standard","meta":{"footnotes":""},"categories":[6],"tags":[445,204,450,449],"class_list":["post-3612","post","type-post","status-publish","format-standard","has-post-thumbnail","hentry","category-noticias","tag-curso","tag-pagamento","tag-qualificacao","tag-seguro-desemprego"],"_links":{"self":[{"href":"https:\/\/www.sincomam.org.br\/index.php\/wp-json\/wp\/v2\/posts\/3612","targetHints":{"allow":["GET"]}}],"collection":[{"href":"https:\/\/www.sincomam.org.br\/index.php\/wp-json\/wp\/v2\/posts"}],"about":[{"href":"https:\/\/www.sincomam.org.br\/index.php\/wp-json\/wp\/v2\/types\/post"}],"author":[{"embeddable":true,"href":"https:\/\/www.sincomam.org.br\/index.php\/wp-json\/wp\/v2\/users\/1182"}],"replies":[{"embeddable":true,"href":"https:\/\/www.sincomam.org.br\/index.php\/wp-json\/wp\/v2\/comments?post=3612"}],"version-history":[{"count":1,"href":"https:\/\/www.sincomam.org.br\/index.php\/wp-json\/wp\/v2\/posts\/3612\/revisions"}],"predecessor-version":[{"id":3614,"href":"https:\/\/www.sincomam.org.br\/index.php\/wp-json\/wp\/v2\/posts\/3612\/revisions\/3614"}],"wp:featuredmedia":[{"embeddable":true,"href":"https:\/\/www.sincomam.org.br\/index.php\/wp-json\/wp\/v2\/media\/3613"}],"wp:attachment":[{"href":"https:\/\/www.sincomam.org.br\/index.php\/wp-json\/wp\/v2\/media?parent=3612"}],"wp:term":[{"taxonomy":"category","embeddable":true,"href":"https:\/\/www.sincomam.org.br\/index.php\/wp-json\/wp\/v2\/categories?post=3612"},{"taxonomy":"post_tag","embeddable":true,"href":"https:\/\/www.sincomam.org.br\/index.php\/wp-json\/wp\/v2\/tags?post=3612"}],"curies":[{"name":"wp","href":"https:\/\/api.w.org\/{rel}","templated":true}]}}