{"id":36114,"date":"2021-10-11T09:17:35","date_gmt":"2021-10-11T12:17:35","guid":{"rendered":"http:\/\/www.sincomam.org.br\/?p=36114"},"modified":"2021-10-11T09:17:35","modified_gmt":"2021-10-11T12:17:35","slug":"antaq-realiza-audiencia-virtual-sobre-uso-temporario-de-areas-na-poligonal-de-porto-organizado","status":"publish","type":"post","link":"https:\/\/www.sincomam.org.br\/index.php\/antaq-realiza-audiencia-virtual-sobre-uso-temporario-de-areas-na-poligonal-de-porto-organizado\/","title":{"rendered":"Antaq realiza audi\u00eancia virtual sobre uso tempor\u00e1rio de \u00e1reas na poligonal de porto organizado"},"content":{"rendered":"<p>A Ag\u00eancia Nacional de Transportes Aqu\u00e1ticos (Antaq) realizou, na sexta-feira (8), audi\u00eancia p\u00fablica virtual sobre proposta normativa voltada a regular a contrata\u00e7\u00e3o de uso tempor\u00e1rio de \u00e1reas e instala\u00e7\u00f5es portu\u00e1rias localizadas na poligonal de porto organizado para movimenta\u00e7\u00e3o de cargas com mercado n\u00e3o consolidado. A reuni\u00e3o faz parte da Consulta P\u00fablica n\u00ba 19\/2021.<\/p>\n<p>Os diretores da Ag\u00eancia, Adalberto Tokarski e Fl\u00e1via Takafashi, que participaram da audi\u00eancia p\u00fablica, destacaram que a norma viabilizar\u00e1, entre outros pontos, uma maior ocupa\u00e7\u00e3o de \u00e1reas ociosas nos portos organizados, com seguran\u00e7a jur\u00eddica e menos burocracia. Al\u00e9m disso, destacaram a import\u00e2ncia das contribui\u00e7\u00f5es da sociedade para a elabora\u00e7\u00e3o da norma.<\/p>\n<p>Vale lembrar que os interessados podem enviar suas contribui\u00e7\u00f5es \u00e0 Ag\u00eancia at\u00e9 \u00e0s 23h59 do dia 11 de outubro por meio e na forma do formul\u00e1rio eletr\u00f4nico dispon\u00edvel em https:\/\/www.gov.br\/antaq\/pt-br. Procure o menu \u201cAcesso R\u00e1pido\u201d. Clique no box \u201cParticipa\u00e7\u00e3o Social\u201d e procure \u201cAudi\u00eancia P\u00fablica n\u00ba 19\/2021\u201d. As minutas jur\u00eddicas e os documentos t\u00e9cnicos da consulta\/audi\u00eancia p\u00fablica est\u00e3o dispon\u00edveis no endere\u00e7o eletr\u00f4nico: https:\/\/www.gov.br\/antaq\/pt-br\/acesso-a-informacao\/participacao-social\/participacao-social\/.<\/p>\n<p>Fonte: Antaq<\/p>\n","protected":false},"excerpt":{"rendered":"<p>A Ag\u00eancia Nacional de Transportes Aqu\u00e1ticos (Antaq) realizou, na sexta-feira (8), audi\u00eancia p\u00fablica virtual sobre proposta normativa voltada a regular a contrata\u00e7\u00e3o de uso tempor\u00e1rio&#8230;<\/p>\n","protected":false},"author":1527,"featured_media":20206,"comment_status":"closed","ping_status":"closed","sticky":false,"template":"","format":"standard","meta":{"footnotes":""},"categories":[6],"tags":[],"class_list":["post-36114","post","type-post","status-publish","format-standard","has-post-thumbnail","hentry","category-noticias"],"_links":{"self":[{"href":"https:\/\/www.sincomam.org.br\/index.php\/wp-json\/wp\/v2\/posts\/36114","targetHints":{"allow":["GET"]}}],"collection":[{"href":"https:\/\/www.sincomam.org.br\/index.php\/wp-json\/wp\/v2\/posts"}],"about":[{"href":"https:\/\/www.sincomam.org.br\/index.php\/wp-json\/wp\/v2\/types\/post"}],"author":[{"embeddable":true,"href":"https:\/\/www.sincomam.org.br\/index.php\/wp-json\/wp\/v2\/users\/1527"}],"replies":[{"embeddable":true,"href":"https:\/\/www.sincomam.org.br\/index.php\/wp-json\/wp\/v2\/comments?post=36114"}],"version-history":[{"count":1,"href":"https:\/\/www.sincomam.org.br\/index.php\/wp-json\/wp\/v2\/posts\/36114\/revisions"}],"predecessor-version":[{"id":36115,"href":"https:\/\/www.sincomam.org.br\/index.php\/wp-json\/wp\/v2\/posts\/36114\/revisions\/36115"}],"wp:featuredmedia":[{"embeddable":true,"href":"https:\/\/www.sincomam.org.br\/index.php\/wp-json\/wp\/v2\/media\/20206"}],"wp:attachment":[{"href":"https:\/\/www.sincomam.org.br\/index.php\/wp-json\/wp\/v2\/media?parent=36114"}],"wp:term":[{"taxonomy":"category","embeddable":true,"href":"https:\/\/www.sincomam.org.br\/index.php\/wp-json\/wp\/v2\/categories?post=36114"},{"taxonomy":"post_tag","embeddable":true,"href":"https:\/\/www.sincomam.org.br\/index.php\/wp-json\/wp\/v2\/tags?post=36114"}],"curies":[{"name":"wp","href":"https:\/\/api.w.org\/{rel}","templated":true}]}}