{"id":36102,"date":"2021-10-08T08:54:09","date_gmt":"2021-10-08T11:54:09","guid":{"rendered":"http:\/\/www.sincomam.org.br\/?p=36102"},"modified":"2021-10-07T21:55:44","modified_gmt":"2021-10-08T00:55:44","slug":"comando-do-1o-distrito-naval-e-prefeitura-de-paraty-assinam-acordo-de-cooperacao-do-gerenciamento-costeiro","status":"publish","type":"post","link":"https:\/\/www.sincomam.org.br\/index.php\/comando-do-1o-distrito-naval-e-prefeitura-de-paraty-assinam-acordo-de-cooperacao-do-gerenciamento-costeiro\/","title":{"rendered":"Comando do 1\u00ba Distrito Naval e Prefeitura de Paraty assinam Acordo de Coopera\u00e7\u00e3o do Gerenciamento Costeiro"},"content":{"rendered":"<p>O Comando do 1\u00ba Distrito Naval (Com1\u00baDN) e a Prefeitura de Paraty assinaram, em 30 de setembro, nas depend\u00eancias da Ag\u00eancia da Capitania dos Portos em Paraty, o Acordo de Coopera\u00e7\u00e3o do Gerenciamento Costeiro, com a finalidade de conjugar esfor\u00e7os para a fiscaliza\u00e7\u00e3o do tr\u00e1fego aquavi\u00e1rio que possa colocar em risco a integridade f\u00edsica dos cidad\u00e3os nas praias. A iniciativa proporcionar\u00e1, entre outras a\u00e7\u00f5es, a delimita\u00e7\u00e3o das \u00e1reas adjacentes \u00e0s praias e rios do munic\u00edpio, com a cria\u00e7\u00e3o de \u00e1reas exclusivas para banhistas e embarca\u00e7\u00f5es. Al\u00e9m de possibilitar que agentes municipais contribuam para fiscaliza\u00e7\u00e3o de embarca\u00e7\u00f5es, somando esfor\u00e7os com as a\u00e7\u00f5es da Ag\u00eancia da Capitania dos Portos em Paraty e conferindo maior seguran\u00e7a para navega\u00e7\u00e3o.<\/p>\n<p>A assinatura do Acordo de Coopera\u00e7\u00e3o foi realizada pelo Comandante do 1\u00baDN e pelo Prefeito de Paraty, contando com a presen\u00e7a do Capit\u00e3o dos Portos do Rio de Janeiro e do Agente da Capitania dos Portos em Paraty.<\/p>\n<p>Fonte: Centro de Comunica\u00e7\u00e3o Social da Marinha<\/p>\n<p><strong>\u00a0<\/strong><\/p>\n","protected":false},"excerpt":{"rendered":"<p>O Comando do 1\u00ba Distrito Naval (Com1\u00baDN) e a Prefeitura de Paraty assinaram, em 30 de setembro, nas depend\u00eancias da Ag\u00eancia da Capitania dos Portos&#8230;<\/p>\n","protected":false},"author":1527,"featured_media":31672,"comment_status":"closed","ping_status":"closed","sticky":false,"template":"","format":"standard","meta":{"footnotes":""},"categories":[6],"tags":[],"class_list":["post-36102","post","type-post","status-publish","format-standard","has-post-thumbnail","hentry","category-noticias"],"_links":{"self":[{"href":"https:\/\/www.sincomam.org.br\/index.php\/wp-json\/wp\/v2\/posts\/36102","targetHints":{"allow":["GET"]}}],"collection":[{"href":"https:\/\/www.sincomam.org.br\/index.php\/wp-json\/wp\/v2\/posts"}],"about":[{"href":"https:\/\/www.sincomam.org.br\/index.php\/wp-json\/wp\/v2\/types\/post"}],"author":[{"embeddable":true,"href":"https:\/\/www.sincomam.org.br\/index.php\/wp-json\/wp\/v2\/users\/1527"}],"replies":[{"embeddable":true,"href":"https:\/\/www.sincomam.org.br\/index.php\/wp-json\/wp\/v2\/comments?post=36102"}],"version-history":[{"count":1,"href":"https:\/\/www.sincomam.org.br\/index.php\/wp-json\/wp\/v2\/posts\/36102\/revisions"}],"predecessor-version":[{"id":36103,"href":"https:\/\/www.sincomam.org.br\/index.php\/wp-json\/wp\/v2\/posts\/36102\/revisions\/36103"}],"wp:featuredmedia":[{"embeddable":true,"href":"https:\/\/www.sincomam.org.br\/index.php\/wp-json\/wp\/v2\/media\/31672"}],"wp:attachment":[{"href":"https:\/\/www.sincomam.org.br\/index.php\/wp-json\/wp\/v2\/media?parent=36102"}],"wp:term":[{"taxonomy":"category","embeddable":true,"href":"https:\/\/www.sincomam.org.br\/index.php\/wp-json\/wp\/v2\/categories?post=36102"},{"taxonomy":"post_tag","embeddable":true,"href":"https:\/\/www.sincomam.org.br\/index.php\/wp-json\/wp\/v2\/tags?post=36102"}],"curies":[{"name":"wp","href":"https:\/\/api.w.org\/{rel}","templated":true}]}}