{"id":36099,"date":"2021-10-08T09:20:01","date_gmt":"2021-10-08T12:20:01","guid":{"rendered":"http:\/\/www.sincomam.org.br\/?p=36099"},"modified":"2021-10-07T21:54:00","modified_gmt":"2021-10-08T00:54:00","slug":"aneel-assina-outorgas-de-novas-usinas-solares-na-pb-com-previsao-de-24-bilhoes-em-investimentos","status":"publish","type":"post","link":"https:\/\/www.sincomam.org.br\/index.php\/aneel-assina-outorgas-de-novas-usinas-solares-na-pb-com-previsao-de-24-bilhoes-em-investimentos\/","title":{"rendered":"Aneel assina outorgas de novas usinas solares na PB, com previs\u00e3o de 2,4 bilh\u00f5es em investimentos"},"content":{"rendered":"<p>O diretor-geral da Ag\u00eancia Nacional de Energia El\u00e9trica (Aneel), Andr\u00e9 Pepitone, assinou nesta quinta-feira (7), em Santa Luzia na Para\u00edba, 12 outorgas para instala\u00e7\u00e3o de novas usinas fotovoltaicas na regi\u00e3o. O investimento estimado para a constru\u00e7\u00e3o dos empreendimentos \u00e9 da ordem de R$ 2,4 bilh\u00f5es. As usinas da empresa Rio Alto Energia atuar\u00e3o como produtoras independentes de energia. Cada uma possuir\u00e1 50 megawatts (MW) de pot\u00eancia, totalizando 600 mw o complexo.<\/p>\n<p>Participaram da cerim\u00f4nia o governador da Para\u00edba, Jo\u00e3o Az\u00eavedo, o prefeito de Santa Luzia Jos\u00e9 Alexandre de Ara\u00fajo \u2013 Zez\u00e9, o deputado federal Efraim Filho, al\u00e9m de outros prefeitos, vereadores, reitores de universidades e autoridades do judici\u00e1rio local. Pela Aneel tamb\u00e9m esteve presente o superintendente de Concess\u00f5es e Autoriza\u00e7\u00f5es de Gera\u00e7\u00e3o, Carlos Cabral. O diretor-geral da Ag\u00eancia, Andr\u00e9 Pepitone, destacou a import\u00e2ncia da assinatura das novas outorgas. &#8220;Ser\u00e3o 2,4 bilh\u00f5es de reais de investimentos, com a cria\u00e7\u00e3o de 1.500 empregos. Notem, que esse bem t\u00e3o abundante no estado, que \u00e9 o sol, vai gerar emprego, renda e desenvolvimento&#8221;.<\/p>\n<p>O governador da Para\u00edba, Jo\u00e3o Azev\u00eado celebrou a ocasi\u00e3o. \u201cParticipar da solenidade de assinatura de outorga que vai trazer R$ 2,4 bilh\u00f5es ao Estado \u00e9 um dos momentos mais felizes de nossa gest\u00e3o\u201d. O deputado Efraim Filho tamb\u00e9m comemorou a import\u00e2ncia da assinatura. \u201cA velocidade das transforma\u00e7\u00f5es \u00e9 t\u00e3o grande que a gente n\u00e3o para para perceber o momento da realiza\u00e7\u00e3o de sonhos. Esses investimentos ir\u00e3o trazer desenvolvimento para nossa regi\u00e3o\u201d. Pepitone tamb\u00e9m ressaltou o potencial de investimentos em energia renov\u00e1vel no Nordeste.\u00a0 &#8220;Santa Luzia representa o Nordeste, que est\u00e1 se transformando em uma pot\u00eancia na gera\u00e7\u00e3o de energia renov\u00e1vel. O Nordeste est\u00e1 na Vanguarda tanto no uso do sol como no uso do vento para produzir energia el\u00e9trica. O sol hoje traz prosperidade \u00e0 regi\u00e3o do semi\u00e1rido.\u201d Por fim, o diretor-geral apresentou n\u00fameros sobre investimentos em energia renov\u00e1vel na Para\u00edba. &#8221; O sol que ilumina o sert\u00e3o e que tanto castigou a agricultura e a pecu\u00e1ria, se transforma, no sol que vai promover o desenvolvimento econ\u00f4mico dessa regi\u00e3o. Prosperidade que ter\u00e1 sequ\u00eancia nos pr\u00f3ximos anos: somente na \u00e1rea de gera\u00e7\u00e3o de energia, os investimentos na Para\u00edba dever\u00e3o somar R$ 10 bilh\u00f5es de reais at\u00e9 2026&#8243;, finalizou o diretor.<\/p>\n<p>Fonte: Aneel<\/p>\n","protected":false},"excerpt":{"rendered":"<p>O diretor-geral da Ag\u00eancia Nacional de Energia El\u00e9trica (Aneel), Andr\u00e9 Pepitone, assinou nesta quinta-feira (7), em Santa Luzia na Para\u00edba, 12 outorgas para instala\u00e7\u00e3o de&#8230;<\/p>\n","protected":false},"author":1527,"featured_media":36100,"comment_status":"closed","ping_status":"closed","sticky":false,"template":"","format":"standard","meta":{"footnotes":""},"categories":[6],"tags":[],"class_list":["post-36099","post","type-post","status-publish","format-standard","has-post-thumbnail","hentry","category-noticias"],"_links":{"self":[{"href":"https:\/\/www.sincomam.org.br\/index.php\/wp-json\/wp\/v2\/posts\/36099","targetHints":{"allow":["GET"]}}],"collection":[{"href":"https:\/\/www.sincomam.org.br\/index.php\/wp-json\/wp\/v2\/posts"}],"about":[{"href":"https:\/\/www.sincomam.org.br\/index.php\/wp-json\/wp\/v2\/types\/post"}],"author":[{"embeddable":true,"href":"https:\/\/www.sincomam.org.br\/index.php\/wp-json\/wp\/v2\/users\/1527"}],"replies":[{"embeddable":true,"href":"https:\/\/www.sincomam.org.br\/index.php\/wp-json\/wp\/v2\/comments?post=36099"}],"version-history":[{"count":1,"href":"https:\/\/www.sincomam.org.br\/index.php\/wp-json\/wp\/v2\/posts\/36099\/revisions"}],"predecessor-version":[{"id":36101,"href":"https:\/\/www.sincomam.org.br\/index.php\/wp-json\/wp\/v2\/posts\/36099\/revisions\/36101"}],"wp:featuredmedia":[{"embeddable":true,"href":"https:\/\/www.sincomam.org.br\/index.php\/wp-json\/wp\/v2\/media\/36100"}],"wp:attachment":[{"href":"https:\/\/www.sincomam.org.br\/index.php\/wp-json\/wp\/v2\/media?parent=36099"}],"wp:term":[{"taxonomy":"category","embeddable":true,"href":"https:\/\/www.sincomam.org.br\/index.php\/wp-json\/wp\/v2\/categories?post=36099"},{"taxonomy":"post_tag","embeddable":true,"href":"https:\/\/www.sincomam.org.br\/index.php\/wp-json\/wp\/v2\/tags?post=36099"}],"curies":[{"name":"wp","href":"https:\/\/api.w.org\/{rel}","templated":true}]}}