{"id":36085,"date":"2021-10-07T09:06:48","date_gmt":"2021-10-07T12:06:48","guid":{"rendered":"http:\/\/www.sincomam.org.br\/?p=36085"},"modified":"2021-10-07T00:05:22","modified_gmt":"2021-10-07T03:05:22","slug":"comandante-de-operacoes-navais-visita-projeto-piloto-do-servico-de-monitoramento-maritimo-e-fluvial-no-1o-distrito-naval","status":"publish","type":"post","link":"https:\/\/www.sincomam.org.br\/index.php\/comandante-de-operacoes-navais-visita-projeto-piloto-do-servico-de-monitoramento-maritimo-e-fluvial-no-1o-distrito-naval\/","title":{"rendered":"Comandante de Opera\u00e7\u00f5es Navais visita projeto-piloto do Servi\u00e7o de Monitoramento Mar\u00edtimo e Fluvial no 1\u00ba Distrito Naval"},"content":{"rendered":"<p>O Comandante de Opera\u00e7\u00f5es Navais, Almirante de Esquadra Alipio Jorge Rodrigues da Silva, visitou, em 29 de setembro, as instala\u00e7\u00f5es do Centro Regional de Seguran\u00e7a Mar\u00edtima (CRSM), no Comando do 1\u00ba Distrito Naval (Com1\u00baDN), e do Centro Local de Seguran\u00e7a Mar\u00edtima, na Capitania dos Portos do Rio de Janeiro.<\/p>\n<p>Na ocasi\u00e3o, foram apresentados o andamento do projeto-piloto para a implementa\u00e7\u00e3o do Servi\u00e7o de Monitoramento Mar\u00edtimo e Fluvial, por meio de explana\u00e7\u00f5es sobre as fases de capacita\u00e7\u00e3o de pessoal, desenvolvimento de procedimentos e implementa\u00e7\u00e3o das rotinas no Centro de Comando Naval de \u00c1rea (CCNA) e no Centro de Coordena\u00e7\u00e3o e Controle da Autoridade Mar\u00edtima. Em seguida, ele visitou as instala\u00e7\u00f5es f\u00edsicas, onde foram ampliadas as potencialidades do projeto e suas possibilidades de irradia\u00e7\u00e3o de conhecimento para a fase seguinte, representada pela expans\u00e3o aos demais Distritos Navais.<\/p>\n<p>O Servi\u00e7o de Monitoramento Mar\u00edtimo e Fluvial na Marinha \u00e9 uma iniciativa do Comando de Opera\u00e7\u00f5es que visa ampliar capacita\u00e7\u00f5es que ser\u00e3o fundamentais no desenvolvimento do Sistema de Gerenciamento da Amaz\u00f4nica Azul (SisGAAz), principalmente na \u00e1rea de pessoal, expandindo a Consci\u00eancia Situacional Mar\u00edtima para al\u00e9m do Centro Integrado de Seguran\u00e7a Mar\u00edtima e proporcionando gradual adestramento nas atividades de monitoramento mar\u00edtimo e fluvial.<\/p>\n<p>Fonte: Centro de Comunica\u00e7\u00e3o Social da Marinha<\/p>\n","protected":false},"excerpt":{"rendered":"<p>O Comandante de Opera\u00e7\u00f5es Navais, Almirante de Esquadra Alipio Jorge Rodrigues da Silva, visitou, em 29 de setembro, as instala\u00e7\u00f5es do Centro Regional de Seguran\u00e7a&#8230;<\/p>\n","protected":false},"author":1527,"featured_media":32603,"comment_status":"closed","ping_status":"closed","sticky":false,"template":"","format":"standard","meta":{"footnotes":""},"categories":[6],"tags":[],"class_list":["post-36085","post","type-post","status-publish","format-standard","has-post-thumbnail","hentry","category-noticias"],"_links":{"self":[{"href":"https:\/\/www.sincomam.org.br\/index.php\/wp-json\/wp\/v2\/posts\/36085","targetHints":{"allow":["GET"]}}],"collection":[{"href":"https:\/\/www.sincomam.org.br\/index.php\/wp-json\/wp\/v2\/posts"}],"about":[{"href":"https:\/\/www.sincomam.org.br\/index.php\/wp-json\/wp\/v2\/types\/post"}],"author":[{"embeddable":true,"href":"https:\/\/www.sincomam.org.br\/index.php\/wp-json\/wp\/v2\/users\/1527"}],"replies":[{"embeddable":true,"href":"https:\/\/www.sincomam.org.br\/index.php\/wp-json\/wp\/v2\/comments?post=36085"}],"version-history":[{"count":1,"href":"https:\/\/www.sincomam.org.br\/index.php\/wp-json\/wp\/v2\/posts\/36085\/revisions"}],"predecessor-version":[{"id":36086,"href":"https:\/\/www.sincomam.org.br\/index.php\/wp-json\/wp\/v2\/posts\/36085\/revisions\/36086"}],"wp:featuredmedia":[{"embeddable":true,"href":"https:\/\/www.sincomam.org.br\/index.php\/wp-json\/wp\/v2\/media\/32603"}],"wp:attachment":[{"href":"https:\/\/www.sincomam.org.br\/index.php\/wp-json\/wp\/v2\/media?parent=36085"}],"wp:term":[{"taxonomy":"category","embeddable":true,"href":"https:\/\/www.sincomam.org.br\/index.php\/wp-json\/wp\/v2\/categories?post=36085"},{"taxonomy":"post_tag","embeddable":true,"href":"https:\/\/www.sincomam.org.br\/index.php\/wp-json\/wp\/v2\/tags?post=36085"}],"curies":[{"name":"wp","href":"https:\/\/api.w.org\/{rel}","templated":true}]}}