{"id":36073,"date":"2021-10-06T10:26:12","date_gmt":"2021-10-06T13:26:12","guid":{"rendered":"http:\/\/www.sincomam.org.br\/?p=36073"},"modified":"2021-10-06T10:26:12","modified_gmt":"2021-10-06T13:26:12","slug":"aprovadas-as-regras-de-comercializacao-que-operacionalizam-as-resolucoes-no-898-e-no-899-20","status":"publish","type":"post","link":"https:\/\/www.sincomam.org.br\/index.php\/aprovadas-as-regras-de-comercializacao-que-operacionalizam-as-resolucoes-no-898-e-no-899-20\/","title":{"rendered":"Aprovadas as regras de comercializa\u00e7\u00e3o que operacionalizam as Resolu\u00e7\u00f5es n\u00ba 898 e n\u00ba 899\/20"},"content":{"rendered":"<p>A Ag\u00eancia Nacional de Energia El\u00e9trica (Aneel) aprovou nesta ter\u00e7a-feira (05) as Regras de Comercializa\u00e7\u00e3o e os Procedimentos de Comercializa\u00e7\u00e3o que operacionalizam os dispositivos das Resolu\u00e7\u00f5es Normativas n\u00ba 898 e n\u00ba 899, ambas de 1\u00ba de dezembro de 2020. Essas Resolu\u00e7\u00f5es estabeleceram tratamento regulat\u00f3rio \u00e0s exposi\u00e7\u00f5es financeiras de energia secund\u00e1ria e para sazonaliza\u00e7\u00e3o da garantia f\u00edsica para fins do Mecanismo de Realoca\u00e7\u00e3o de Energia (MRE).<\/p>\n<p>Conforme previsto nessas normas, a diretoria colegiada da Aneel determinou \u00e0 C\u00e2mara de Comercializa\u00e7\u00e3o de Energia El\u00e9trica (CCEE) que realize o processamento das recontabiliza\u00e7\u00f5es dos valores de acordo com nas Regras de Comercializa\u00e7\u00e3o aprovadas a partir do m\u00eas de janeiro de 2021.<\/p>\n<p>As Regras e o Procedimentos de Comercializa\u00e7\u00e3o foram aprovados ap\u00f3s o processo de Consulta P\u00fablica 027\/2021, realizada no per\u00edodo de 26 de maio a 25 de junho de 2021.<\/p>\n<p>Fonte: Aneel<\/p>\n<p>&nbsp;<\/p>\n","protected":false},"excerpt":{"rendered":"<p>A Ag\u00eancia Nacional de Energia El\u00e9trica (Aneel) aprovou nesta ter\u00e7a-feira (05) as Regras de Comercializa\u00e7\u00e3o e os Procedimentos de Comercializa\u00e7\u00e3o que operacionalizam os dispositivos das&#8230;<\/p>\n","protected":false},"author":1527,"featured_media":18121,"comment_status":"closed","ping_status":"closed","sticky":false,"template":"","format":"standard","meta":{"footnotes":""},"categories":[6],"tags":[],"class_list":["post-36073","post","type-post","status-publish","format-standard","has-post-thumbnail","hentry","category-noticias"],"_links":{"self":[{"href":"https:\/\/www.sincomam.org.br\/index.php\/wp-json\/wp\/v2\/posts\/36073","targetHints":{"allow":["GET"]}}],"collection":[{"href":"https:\/\/www.sincomam.org.br\/index.php\/wp-json\/wp\/v2\/posts"}],"about":[{"href":"https:\/\/www.sincomam.org.br\/index.php\/wp-json\/wp\/v2\/types\/post"}],"author":[{"embeddable":true,"href":"https:\/\/www.sincomam.org.br\/index.php\/wp-json\/wp\/v2\/users\/1527"}],"replies":[{"embeddable":true,"href":"https:\/\/www.sincomam.org.br\/index.php\/wp-json\/wp\/v2\/comments?post=36073"}],"version-history":[{"count":1,"href":"https:\/\/www.sincomam.org.br\/index.php\/wp-json\/wp\/v2\/posts\/36073\/revisions"}],"predecessor-version":[{"id":36074,"href":"https:\/\/www.sincomam.org.br\/index.php\/wp-json\/wp\/v2\/posts\/36073\/revisions\/36074"}],"wp:featuredmedia":[{"embeddable":true,"href":"https:\/\/www.sincomam.org.br\/index.php\/wp-json\/wp\/v2\/media\/18121"}],"wp:attachment":[{"href":"https:\/\/www.sincomam.org.br\/index.php\/wp-json\/wp\/v2\/media?parent=36073"}],"wp:term":[{"taxonomy":"category","embeddable":true,"href":"https:\/\/www.sincomam.org.br\/index.php\/wp-json\/wp\/v2\/categories?post=36073"},{"taxonomy":"post_tag","embeddable":true,"href":"https:\/\/www.sincomam.org.br\/index.php\/wp-json\/wp\/v2\/tags?post=36073"}],"curies":[{"name":"wp","href":"https:\/\/api.w.org\/{rel}","templated":true}]}}