{"id":36062,"date":"2021-10-06T10:08:29","date_gmt":"2021-10-06T13:08:29","guid":{"rendered":"http:\/\/www.sincomam.org.br\/?p=36062"},"modified":"2021-10-06T10:08:29","modified_gmt":"2021-10-06T13:08:29","slug":"em-reuniao-da-omc-ministro-destaca-importancia-de-regras-de-subsidios","status":"publish","type":"post","link":"https:\/\/www.sincomam.org.br\/index.php\/em-reuniao-da-omc-ministro-destaca-importancia-de-regras-de-subsidios\/","title":{"rendered":"Em reuni\u00e3o da OMC, ministro destaca import\u00e2ncia de regras de subs\u00eddios"},"content":{"rendered":"<p>O ministro das Rela\u00e7\u00f5es Exteriores Carlos Alberto Fran\u00e7a participou nesta ter\u00e7a-feira (5) de reuni\u00e3o informal da Organiza\u00e7\u00e3o Mundial do Com\u00e9rcio (OMC), realizada em Paris. O encontro foi realizado paralelamente aos trabalhos da Organiza\u00e7\u00e3o para a Coopera\u00e7\u00e3o e Desenvolvimento Econ\u00f4mico (OCDE).<\/p>\n<p>Em nota, o Itamaraty informou que o ministro destacou no encontro a import\u00e2ncia no avan\u00e7o das discuss\u00f5es sobre as regras de subs\u00eddios industriais e agr\u00edcolas para equilibrar a concorr\u00eancia e reduzir as distor\u00e7\u00f5es no com\u00e9rcio internacional.<\/p>\n<p>A pasta espera que a 12\u00aa Confer\u00eancia Ministerial da OMC, que ser\u00e1 realizada em novembro, em Genebra, seja uma oportunidade para que a organiza\u00e7\u00e3o possa retomar a capacidade de \u201cpromover o com\u00e9rcio aberto e justo\u201d, al\u00e9m da inclus\u00e3o de temas relacionados \u00e0 sa\u00fade, agricultura e subs\u00eddios \u00e0 pesca.<\/p>\n<p>\u201cO Brasil trabalha ativamente por uma reforma ambiciosa da OMC, que englobe seus tr\u00eas pilares: negocia\u00e7\u00e3o e liberaliza\u00e7\u00e3o; transpar\u00eancia e monitoramento; e solu\u00e7\u00e3o de controv\u00e9rsias. No entendimento brasileiro, a OMC precisa adequar-se aos novos tempos, sem descuidar do avan\u00e7o em temas tradicionais, sobretudo a agricultura, cujo mandato negociador pouco progrediu desde a cria\u00e7\u00e3o da organiza\u00e7\u00e3o\u201d, diz nota do Itamaraty.<\/p>\n<p>Fonte: Ag\u00eancia Brasil<\/p>\n","protected":false},"excerpt":{"rendered":"<p>O ministro das Rela\u00e7\u00f5es Exteriores Carlos Alberto Fran\u00e7a participou nesta ter\u00e7a-feira (5) de reuni\u00e3o informal da Organiza\u00e7\u00e3o Mundial do Com\u00e9rcio (OMC), realizada em Paris. O&#8230;<\/p>\n","protected":false},"author":1527,"featured_media":35282,"comment_status":"closed","ping_status":"closed","sticky":false,"template":"","format":"standard","meta":{"footnotes":""},"categories":[6],"tags":[],"class_list":["post-36062","post","type-post","status-publish","format-standard","has-post-thumbnail","hentry","category-noticias"],"_links":{"self":[{"href":"https:\/\/www.sincomam.org.br\/index.php\/wp-json\/wp\/v2\/posts\/36062","targetHints":{"allow":["GET"]}}],"collection":[{"href":"https:\/\/www.sincomam.org.br\/index.php\/wp-json\/wp\/v2\/posts"}],"about":[{"href":"https:\/\/www.sincomam.org.br\/index.php\/wp-json\/wp\/v2\/types\/post"}],"author":[{"embeddable":true,"href":"https:\/\/www.sincomam.org.br\/index.php\/wp-json\/wp\/v2\/users\/1527"}],"replies":[{"embeddable":true,"href":"https:\/\/www.sincomam.org.br\/index.php\/wp-json\/wp\/v2\/comments?post=36062"}],"version-history":[{"count":1,"href":"https:\/\/www.sincomam.org.br\/index.php\/wp-json\/wp\/v2\/posts\/36062\/revisions"}],"predecessor-version":[{"id":36064,"href":"https:\/\/www.sincomam.org.br\/index.php\/wp-json\/wp\/v2\/posts\/36062\/revisions\/36064"}],"wp:featuredmedia":[{"embeddable":true,"href":"https:\/\/www.sincomam.org.br\/index.php\/wp-json\/wp\/v2\/media\/35282"}],"wp:attachment":[{"href":"https:\/\/www.sincomam.org.br\/index.php\/wp-json\/wp\/v2\/media?parent=36062"}],"wp:term":[{"taxonomy":"category","embeddable":true,"href":"https:\/\/www.sincomam.org.br\/index.php\/wp-json\/wp\/v2\/categories?post=36062"},{"taxonomy":"post_tag","embeddable":true,"href":"https:\/\/www.sincomam.org.br\/index.php\/wp-json\/wp\/v2\/tags?post=36062"}],"curies":[{"name":"wp","href":"https:\/\/api.w.org\/{rel}","templated":true}]}}