{"id":36052,"date":"2021-10-05T09:37:31","date_gmt":"2021-10-05T12:37:31","guid":{"rendered":"http:\/\/www.sincomam.org.br\/?p=36052"},"modified":"2021-10-04T20:37:14","modified_gmt":"2021-10-04T23:37:14","slug":"marinha-apreende-embarcacao-de-carga-que-navegava-com-documentacao-adulterada-e-sem-tripulante-habilitado-no-litoral-do-para","status":"publish","type":"post","link":"https:\/\/www.sincomam.org.br\/index.php\/marinha-apreende-embarcacao-de-carga-que-navegava-com-documentacao-adulterada-e-sem-tripulante-habilitado-no-litoral-do-para\/","title":{"rendered":"Marinha apreende embarca\u00e7\u00e3o de carga que navegava com documenta\u00e7\u00e3o adulterada e sem tripulante habilitado, no litoral do Par\u00e1"},"content":{"rendered":"<p>O Navio-Patrulha (NPa) \u201cGuanabara\u201d, subordinado ao Comando do Grupamento de Patrulha Naval do Norte, apreendeu, no dia 28 de setembro, a embarca\u00e7\u00e3o de carga \u201cTup\u00e3 II\u201d, de bandeira brasileira. A a\u00e7\u00e3o ocorreu durante patrulha naval no litoral do estado do Par\u00e1.<\/p>\n<p>A embarca\u00e7\u00e3o, que estava sem carga, era conduzida por seis tripulantes n\u00e3o habilitados, um dos quais j\u00e1 havia sido preso, pela Pol\u00edcia Federal, por envolvimento em atividade de contrabando. Por ocasi\u00e3o da abordagem, o Comandante da embarca\u00e7\u00e3o apresentou documentos adulterados, cujas informa\u00e7\u00f5es n\u00e3o constavam do banco de dados da Marinha.<\/p>\n<p>O barco foi escoltado pelo NPa \u201cGuanabara\u201d at\u00e9 Bel\u00e9m (PA) e transferido para Capitania dos Portos da Amaz\u00f4nia Oriental para ado\u00e7\u00e3o das medidas administrativas quanto \u00e0 apreens\u00e3o da embarca\u00e7\u00e3o. Ap\u00f3s a atraca\u00e7\u00e3o, c\u00e3es farejadores do 2\u00ba Batalh\u00e3o de Opera\u00e7\u00f5es Ribeirinhas inspecionaram a embarca\u00e7\u00e3o e agentes da Pol\u00edcia Federal conduziram os tripulantes para prestar depoimentos.<\/p>\n<p>Fonte: Centro de Comunica\u00e7\u00e3o Social da Marinha<\/p>\n","protected":false},"excerpt":{"rendered":"<p>O Navio-Patrulha (NPa) \u201cGuanabara\u201d, subordinado ao Comando do Grupamento de Patrulha Naval do Norte, apreendeu, no dia 28 de setembro, a embarca\u00e7\u00e3o de carga \u201cTup\u00e3&#8230;<\/p>\n","protected":false},"author":1527,"featured_media":34095,"comment_status":"closed","ping_status":"closed","sticky":false,"template":"","format":"standard","meta":{"footnotes":""},"categories":[6],"tags":[],"class_list":["post-36052","post","type-post","status-publish","format-standard","has-post-thumbnail","hentry","category-noticias"],"_links":{"self":[{"href":"https:\/\/www.sincomam.org.br\/index.php\/wp-json\/wp\/v2\/posts\/36052","targetHints":{"allow":["GET"]}}],"collection":[{"href":"https:\/\/www.sincomam.org.br\/index.php\/wp-json\/wp\/v2\/posts"}],"about":[{"href":"https:\/\/www.sincomam.org.br\/index.php\/wp-json\/wp\/v2\/types\/post"}],"author":[{"embeddable":true,"href":"https:\/\/www.sincomam.org.br\/index.php\/wp-json\/wp\/v2\/users\/1527"}],"replies":[{"embeddable":true,"href":"https:\/\/www.sincomam.org.br\/index.php\/wp-json\/wp\/v2\/comments?post=36052"}],"version-history":[{"count":1,"href":"https:\/\/www.sincomam.org.br\/index.php\/wp-json\/wp\/v2\/posts\/36052\/revisions"}],"predecessor-version":[{"id":36053,"href":"https:\/\/www.sincomam.org.br\/index.php\/wp-json\/wp\/v2\/posts\/36052\/revisions\/36053"}],"wp:featuredmedia":[{"embeddable":true,"href":"https:\/\/www.sincomam.org.br\/index.php\/wp-json\/wp\/v2\/media\/34095"}],"wp:attachment":[{"href":"https:\/\/www.sincomam.org.br\/index.php\/wp-json\/wp\/v2\/media?parent=36052"}],"wp:term":[{"taxonomy":"category","embeddable":true,"href":"https:\/\/www.sincomam.org.br\/index.php\/wp-json\/wp\/v2\/categories?post=36052"},{"taxonomy":"post_tag","embeddable":true,"href":"https:\/\/www.sincomam.org.br\/index.php\/wp-json\/wp\/v2\/tags?post=36052"}],"curies":[{"name":"wp","href":"https:\/\/api.w.org\/{rel}","templated":true}]}}