{"id":35995,"date":"2021-10-04T10:15:45","date_gmt":"2021-10-04T13:15:45","guid":{"rendered":"http:\/\/www.sincomam.org.br\/?p=35995"},"modified":"2021-10-04T10:15:45","modified_gmt":"2021-10-04T13:15:45","slug":"stf-prorroga-por-15-dias-a-vigencia-da-resolucao-sobre-medidas-preventivas-contra-covid-19","status":"publish","type":"post","link":"https:\/\/www.sincomam.org.br\/index.php\/stf-prorroga-por-15-dias-a-vigencia-da-resolucao-sobre-medidas-preventivas-contra-covid-19\/","title":{"rendered":"STF prorroga por 15 dias a vig\u00eancia da resolu\u00e7\u00e3o sobre medidas preventivas contra Covid-19"},"content":{"rendered":"<p>O presidente do Supremo Tribunal Federal (STF), ministro Luiz Fux, prorrogou at\u00e9 15\/10\/2021 o prazo de vig\u00eancia da Resolu\u00e7\u00e3o 729, que disp\u00f5e sobre as medidas de preven\u00e7\u00e3o contra a Covid-19 no \u00e2mbito da Corte.<\/p>\n<p>Assinada em 30 de mar\u00e7o deste ano, a norma encerrava sua vig\u00eancia nesta quinta-feira (30), mas, em raz\u00e3o da necessidade de manuten\u00e7\u00e3o das medidas preventivas ao cont\u00e1gio pelo novo coronav\u00edrus e da comprovada efici\u00eancia de sua implementa\u00e7\u00e3o, o ministro editou a Resolu\u00e7\u00e3o 744\/2021 para prorrogar o prazo por mais 15 dias. Fux considerou ainda que, na pr\u00f3xima quinzena, parte significativa dos servidores e colaboradores do Tribunal (pessoas acima de 38 anos) ter\u00e1 conclu\u00eddo o processo de vacina\u00e7\u00e3o, com o recebimento da segunda dose.<\/p>\n<p><strong>Medidas<br \/>\n<\/strong>Entre outros pontos, a Resolu\u00e7\u00e3o 729\/2021 prev\u00ea a obrigatoriedade do uso de m\u00e1scaras e a aferi\u00e7\u00e3o de temperatura de todos que ingressarem na Casa. Tamb\u00e9m suspende a visita\u00e7\u00e3o p\u00fablica e define que o atendimento judicial de partes, advogados, procuradores, defensores e interessados se dar\u00e1 por meio telef\u00f4nico ou eletr\u00f4nico. Com a prorroga\u00e7\u00e3o, segue suspenso o atendimento presencial aos p\u00fablicos externo e interno, salvo as exce\u00e7\u00f5es contidas na pr\u00f3pria resolu\u00e7\u00e3o. A realiza\u00e7\u00e3o de trabalho remoto pelos servidores tamb\u00e9m fica mantida para todas as atividades com ele compat\u00edveis.<\/p>\n<p>Fonte: STF<\/p>\n","protected":false},"excerpt":{"rendered":"<p>O presidente do Supremo Tribunal Federal (STF), ministro Luiz Fux, prorrogou at\u00e9 15\/10\/2021 o prazo de vig\u00eancia da Resolu\u00e7\u00e3o 729, que disp\u00f5e sobre as medidas&#8230;<\/p>\n","protected":false},"author":1527,"featured_media":35222,"comment_status":"closed","ping_status":"closed","sticky":false,"template":"","format":"standard","meta":{"footnotes":""},"categories":[6],"tags":[],"class_list":["post-35995","post","type-post","status-publish","format-standard","has-post-thumbnail","hentry","category-noticias"],"_links":{"self":[{"href":"https:\/\/www.sincomam.org.br\/index.php\/wp-json\/wp\/v2\/posts\/35995","targetHints":{"allow":["GET"]}}],"collection":[{"href":"https:\/\/www.sincomam.org.br\/index.php\/wp-json\/wp\/v2\/posts"}],"about":[{"href":"https:\/\/www.sincomam.org.br\/index.php\/wp-json\/wp\/v2\/types\/post"}],"author":[{"embeddable":true,"href":"https:\/\/www.sincomam.org.br\/index.php\/wp-json\/wp\/v2\/users\/1527"}],"replies":[{"embeddable":true,"href":"https:\/\/www.sincomam.org.br\/index.php\/wp-json\/wp\/v2\/comments?post=35995"}],"version-history":[{"count":1,"href":"https:\/\/www.sincomam.org.br\/index.php\/wp-json\/wp\/v2\/posts\/35995\/revisions"}],"predecessor-version":[{"id":35996,"href":"https:\/\/www.sincomam.org.br\/index.php\/wp-json\/wp\/v2\/posts\/35995\/revisions\/35996"}],"wp:featuredmedia":[{"embeddable":true,"href":"https:\/\/www.sincomam.org.br\/index.php\/wp-json\/wp\/v2\/media\/35222"}],"wp:attachment":[{"href":"https:\/\/www.sincomam.org.br\/index.php\/wp-json\/wp\/v2\/media?parent=35995"}],"wp:term":[{"taxonomy":"category","embeddable":true,"href":"https:\/\/www.sincomam.org.br\/index.php\/wp-json\/wp\/v2\/categories?post=35995"},{"taxonomy":"post_tag","embeddable":true,"href":"https:\/\/www.sincomam.org.br\/index.php\/wp-json\/wp\/v2\/tags?post=35995"}],"curies":[{"name":"wp","href":"https:\/\/api.w.org\/{rel}","templated":true}]}}