{"id":3599,"date":"2014-02-13T09:29:38","date_gmt":"2014-02-13T11:29:38","guid":{"rendered":"http:\/\/www.sincomam.org.br\/?p=3599"},"modified":"2014-02-13T09:29:38","modified_gmt":"2014-02-13T11:29:38","slug":"maersk-vai-levar-ao-governo-lista-com-principais-gargalos-no-brasil","status":"publish","type":"post","link":"https:\/\/www.sincomam.org.br\/index.php\/maersk-vai-levar-ao-governo-lista-com-principais-gargalos-no-brasil\/","title":{"rendered":"Maersk vai levar ao governo lista com principais gargalos no Brasil"},"content":{"rendered":"<p>Solu\u00e7\u00f5es para o excesso de burocracia e para a falta de infraestrutura terrestre no acesso ao porto de Santos (SP) lideram o ranking de medidas para destravar o com\u00e9rcio brasileiro via mar\u00edtima. As a\u00e7\u00f5es encabe\u00e7am uma lista das 20 principais solu\u00e7\u00f5es reunidas pela Maersk Line, o maior armador do mundo no transporte de cont\u00eaineres.<\/p>\n<p>O relat\u00f3rio, produzido ap\u00f3s evento com participantes da cadeia log\u00edstica, traz um diagn\u00f3stico de gargalos conhecidos h\u00e1 anos, mas que ainda n\u00e3o tiveram solu\u00e7\u00e3o ou, quando encaminhados, n\u00e3o alcan\u00e7aram o resultado esperado. Em 2012 os portos brasileiros movimentaram 8 milh\u00f5es de Teus (unidade padr\u00e3o de um cont\u00eainer de 20 p\u00e9s), a mesma marca do porto de Los Angeles (EUA) no per\u00edodo.<\/p>\n<p>&#8220;N\u00e3o buscamos achar culpados, mas sim solu\u00e7\u00f5es&#8221;, diz Peter Gyde, presidente da Maersk Line no Brasil. A empresa pretende apresentar o relat\u00f3rio ao governo na tentativa de que mais medidas sejam adotadas neste ano.<\/p>\n<p>Segundo Mario Veraldo, diretor comercial da Maersk Line no Brasil, \u00e9 necess\u00e1rio harmonizar numa mesma plataforma os agentes que interv\u00eam no com\u00e9rcio exterior, algo que o programa federal Porto Sem Papel prometeu fazer. Hoje, diz ele, n\u00e3o h\u00e1 sincronia de atua\u00e7\u00e3o. &#8220;H\u00e1 \u00f3rg\u00e3os que, mesmo j\u00e1 recebendo a informa\u00e7\u00e3o online, exigem o documento impresso&#8221;, disse Veraldo.<\/p>\n<p>As medidas valem para os portos em geral, mas Santos recebeu destaque por concentrar quase 40% do volume de cont\u00eaineres nacional.<\/p>\n<p>Fonte: Valor Econ\u00f4mico\/Fernanda Pires<\/p>\n","protected":false},"excerpt":{"rendered":"<p>Solu\u00e7\u00f5es para o excesso de burocracia e para a falta de infraestrutura terrestre no acesso ao porto de Santos (SP) lideram o ranking de medidas&#8230;<\/p>\n","protected":false},"author":1182,"featured_media":3600,"comment_status":"closed","ping_status":"closed","sticky":false,"template":"","format":"standard","meta":{"footnotes":""},"categories":[6],"tags":[82,438,437,69],"class_list":["post-3599","post","type-post","status-publish","format-standard","has-post-thumbnail","hentry","category-noticias","tag-cabotagem","tag-logistica","tag-maersk","tag-portos"],"_links":{"self":[{"href":"https:\/\/www.sincomam.org.br\/index.php\/wp-json\/wp\/v2\/posts\/3599","targetHints":{"allow":["GET"]}}],"collection":[{"href":"https:\/\/www.sincomam.org.br\/index.php\/wp-json\/wp\/v2\/posts"}],"about":[{"href":"https:\/\/www.sincomam.org.br\/index.php\/wp-json\/wp\/v2\/types\/post"}],"author":[{"embeddable":true,"href":"https:\/\/www.sincomam.org.br\/index.php\/wp-json\/wp\/v2\/users\/1182"}],"replies":[{"embeddable":true,"href":"https:\/\/www.sincomam.org.br\/index.php\/wp-json\/wp\/v2\/comments?post=3599"}],"version-history":[{"count":1,"href":"https:\/\/www.sincomam.org.br\/index.php\/wp-json\/wp\/v2\/posts\/3599\/revisions"}],"predecessor-version":[{"id":3601,"href":"https:\/\/www.sincomam.org.br\/index.php\/wp-json\/wp\/v2\/posts\/3599\/revisions\/3601"}],"wp:featuredmedia":[{"embeddable":true,"href":"https:\/\/www.sincomam.org.br\/index.php\/wp-json\/wp\/v2\/media\/3600"}],"wp:attachment":[{"href":"https:\/\/www.sincomam.org.br\/index.php\/wp-json\/wp\/v2\/media?parent=3599"}],"wp:term":[{"taxonomy":"category","embeddable":true,"href":"https:\/\/www.sincomam.org.br\/index.php\/wp-json\/wp\/v2\/categories?post=3599"},{"taxonomy":"post_tag","embeddable":true,"href":"https:\/\/www.sincomam.org.br\/index.php\/wp-json\/wp\/v2\/tags?post=3599"}],"curies":[{"name":"wp","href":"https:\/\/api.w.org\/{rel}","templated":true}]}}