{"id":35989,"date":"2021-10-04T09:50:15","date_gmt":"2021-10-04T12:50:15","guid":{"rendered":"http:\/\/www.sincomam.org.br\/?p=35989"},"modified":"2021-10-04T09:50:15","modified_gmt":"2021-10-04T12:50:15","slug":"aneel-bate-meta-de-expansao-da-matriz-eletrica-em-2021-tres-meses-antes-do-previsto","status":"publish","type":"post","link":"https:\/\/www.sincomam.org.br\/index.php\/aneel-bate-meta-de-expansao-da-matriz-eletrica-em-2021-tres-meses-antes-do-previsto\/","title":{"rendered":"Aneel bate meta de expans\u00e3o da matriz el\u00e9trica em 2021, tr\u00eas meses antes do previsto"},"content":{"rendered":"<p>A Ag\u00eancia Nacional de Energia El\u00e9trica (Aneel) concluiu o m\u00eas de setembro com 4.882,88 megawatts (MW) em usinas de gera\u00e7\u00e3o de energia el\u00e9trica liberadas para opera\u00e7\u00e3o comercial em 2021, antecipando-se em mais de tr\u00eas meses \u00e0 expectativa de 4.790,4 MW definida no in\u00edcio do ano. A previs\u00e3o da Ag\u00eancia foi superada em 25 de setembro, 97 dias antes do esperado, quando se chegou \u00e0 marca de 4.812 MW ampliados no ano. Vale destacar que grande parte desse crescimento em 2021 veio de fontes renov\u00e1veis, com 47,69% provenientes de fonte e\u00f3lica e 10,90% de usinas solares fotovoltaicas. At\u00e9 o fim do ano, a expectativa da Aneel \u00e9 de que 2.552,42 MW entrem em opera\u00e7\u00e3o no pa\u00eds, sendo mais de 1000 MW a partir de fonte solar, aproximadamente 800 MW de usinas e\u00f3licas e quase 600 MW de outras fontes renov\u00e1veis, como biomassa e h\u00eddricas. H\u00e1 79 usinas em opera\u00e7\u00e3o em teste neste momento, 17 delas a partir de setembro.<\/p>\n<p>O salto observado em setembro deve-se, em grande medida, \u00e0 entrada em opera\u00e7\u00e3o comercial da usina termel\u00e9trica GNA I, movida a g\u00e1s natural, com 1.338,30 MW de capacidade instalada \u2013 considerada a segunda maior termel\u00e9trica do pa\u00eds, no Porto do A\u00e7u, Rio de Janeiro. Durante este ano, foram inauguradas ou reabertas usinas em 19 estados das cinco regi\u00f5es do pa\u00eds. Os estados com maior acr\u00e9scimo na capacidade de gera\u00e7\u00e3o em foram, em ordem decrescente: Rio de Janeiro (1.338,30 MW), Bahia (937,80 MW) e Rio Grande do Norte (969,74 MW).<\/p>\n<p><strong>Capacidade instalada<br \/>\n<\/strong>O Brasil soma 179.223,1 MW de pot\u00eancia fiscalizada, de acordo com dados do Sistema de Informa\u00e7\u00f5es de Gera\u00e7\u00e3o da Aneel (Siga), atualizado diariamente com dados de usinas em opera\u00e7\u00e3o e de empreendimentos outorgados em fase de constru\u00e7\u00e3o. Desse total em opera\u00e7\u00e3o, ainda de acordo com o SIGA, 82,69% das usinas s\u00e3o consideradas renov\u00e1veis. Outras informa\u00e7\u00f5es sobre o acompanhamento da expans\u00e3o da oferta de gera\u00e7\u00e3o est\u00e3o dispon\u00edveis em pain\u00e9is interativos em bit.ly\/3D8k6Ql. Esses pain\u00e9is, atualizados mensalmente, mostram a previs\u00e3o para a entrada de novas unidades geradoras para os pr\u00f3ximos anos. Eles trazem ainda um hist\u00f3rico da expans\u00e3o da gera\u00e7\u00e3o desde a cria\u00e7\u00e3o da Aneel (1997).\u00a0 Al\u00e9m dos pain\u00e9is, tamb\u00e9m est\u00e1 dispon\u00edvel a base de dados com informa\u00e7\u00f5es de previs\u00e3o e acompanhamento de obras dos empreendimentos outorgados para constru\u00e7\u00e3o.<\/p>\n<p>Fonte: Aneel<\/p>\n","protected":false},"excerpt":{"rendered":"<p>A Ag\u00eancia Nacional de Energia El\u00e9trica (Aneel) concluiu o m\u00eas de setembro com 4.882,88 megawatts (MW) em usinas de gera\u00e7\u00e3o de energia el\u00e9trica liberadas para&#8230;<\/p>\n","protected":false},"author":1527,"featured_media":7937,"comment_status":"closed","ping_status":"closed","sticky":false,"template":"","format":"standard","meta":{"footnotes":""},"categories":[6],"tags":[],"class_list":["post-35989","post","type-post","status-publish","format-standard","has-post-thumbnail","hentry","category-noticias"],"_links":{"self":[{"href":"https:\/\/www.sincomam.org.br\/index.php\/wp-json\/wp\/v2\/posts\/35989","targetHints":{"allow":["GET"]}}],"collection":[{"href":"https:\/\/www.sincomam.org.br\/index.php\/wp-json\/wp\/v2\/posts"}],"about":[{"href":"https:\/\/www.sincomam.org.br\/index.php\/wp-json\/wp\/v2\/types\/post"}],"author":[{"embeddable":true,"href":"https:\/\/www.sincomam.org.br\/index.php\/wp-json\/wp\/v2\/users\/1527"}],"replies":[{"embeddable":true,"href":"https:\/\/www.sincomam.org.br\/index.php\/wp-json\/wp\/v2\/comments?post=35989"}],"version-history":[{"count":1,"href":"https:\/\/www.sincomam.org.br\/index.php\/wp-json\/wp\/v2\/posts\/35989\/revisions"}],"predecessor-version":[{"id":35990,"href":"https:\/\/www.sincomam.org.br\/index.php\/wp-json\/wp\/v2\/posts\/35989\/revisions\/35990"}],"wp:featuredmedia":[{"embeddable":true,"href":"https:\/\/www.sincomam.org.br\/index.php\/wp-json\/wp\/v2\/media\/7937"}],"wp:attachment":[{"href":"https:\/\/www.sincomam.org.br\/index.php\/wp-json\/wp\/v2\/media?parent=35989"}],"wp:term":[{"taxonomy":"category","embeddable":true,"href":"https:\/\/www.sincomam.org.br\/index.php\/wp-json\/wp\/v2\/categories?post=35989"},{"taxonomy":"post_tag","embeddable":true,"href":"https:\/\/www.sincomam.org.br\/index.php\/wp-json\/wp\/v2\/tags?post=35989"}],"curies":[{"name":"wp","href":"https:\/\/api.w.org\/{rel}","templated":true}]}}