{"id":35970,"date":"2021-10-01T09:40:35","date_gmt":"2021-10-01T12:40:35","guid":{"rendered":"http:\/\/www.sincomam.org.br\/?p=35970"},"modified":"2021-09-30T21:31:23","modified_gmt":"2021-10-01T00:31:23","slug":"geracao-de-energia-leilao-de-energia-nova-a-5-atrai-mais-de-r-3-bilhoes-em-investimentos","status":"publish","type":"post","link":"https:\/\/www.sincomam.org.br\/index.php\/geracao-de-energia-leilao-de-energia-nova-a-5-atrai-mais-de-r-3-bilhoes-em-investimentos\/","title":{"rendered":"Gera\u00e7\u00e3o de energia: leil\u00e3o de Energia Nova A-5 atrai mais de R$ 3 bilh\u00f5es em investimentos"},"content":{"rendered":"<p>A Ag\u00eancia Nacional de Energia El\u00e9trica (Aneel) e a C\u00e2mara de Comercializa\u00e7\u00e3o de Energia El\u00e9trica (CCEE) conclu\u00edram nesta quinta-feira (30) o Leil\u00e3o de Gera\u00e7\u00e3o n\u00b0 8\/2021, tamb\u00e9m conhecido como Leil\u00e3o de Energia Nova A-5. O certame atraiu investimentos da ordem de R$ 3,067 bilh\u00f5es. Os recursos viabilizar\u00e3o obras de 40 usinas, que somam 860,796 megawatts (MW) de pot\u00eancia e fornecer\u00e3o energia el\u00e9trica para atender a demanda do mercado de distribuidoras a partir de 2026. Foram negociados contratos de gera\u00e7\u00e3o h\u00eddrica, e\u00f3lica, solar e de t\u00e9rmicas que utilizam como combust\u00edvel biomassa e res\u00edduos s\u00f3lidos.<\/p>\n<p>Este foi o terceiro leil\u00e3o de energia nova organizado em 2021. O des\u00e1gio m\u00e9dio das negocia\u00e7\u00f5es foi de 17,48%. No lado comprador, cinco distribuidoras apresentaram demanda para adquirir a energia oferecida pelas usinas participantes: CELPA, CEMAR, CPFL Jaguari, CPFL Paulista e Light. Com os acordos firmados, elas ser\u00e3o abastecidas pelos empreendimentos contratados por at\u00e9 25 anos, a depender do tipo de fonte. Uma vez que os contratos foram fechados por pre\u00e7o abaixo do valor nominal, a economia obtida foi de R$ 1.269 bilh\u00e3o.<\/p>\n<p>\u201cConsideramos que o leil\u00e3o foi muito bem-sucedido, haja vista a contrata\u00e7\u00e3o de toda a demanda declarada pelas distribuidoras\u201d, afirma Andr\u00e9 Patrus, gerente executivo da Secretaria Executiva de Leil\u00f5es da ANEEL. \u201cO cadastramento dos empreendimentos pela Empresa de Pesquisa Energ\u00e9tica (EPE) mostrou o interesse dos empreendedores em participar do certame e o n\u00edvel de competi\u00e7\u00e3o. Essa oferta provavelmente se refletir\u00e1 em boa competi\u00e7\u00e3o e bons des\u00e1gios tamb\u00e9m nos futuros leil\u00f5es.&#8221;<\/p>\n<p>O presidente do Conselho de Administra\u00e7\u00e3o da CCEE, Rui Altieri, avalia o bom desempenho do certame. \u201cEspecificamente na contrata\u00e7\u00e3o de t\u00e9rmicas, n\u00f3s conseguimos um des\u00e1gio de 25,68%, com a comercializa\u00e7\u00e3o de energia de usinas a biomassa. O resultado vai ao encontro do nosso objetivo de modernizar o parque brasileiro e substituir usinas mais caras por empreendimentos mais baratos\u201d, afirma.<\/p>\n<p>Em rela\u00e7\u00e3o \u00e0 gera\u00e7\u00e3o de eletricidade a partir de res\u00edduos s\u00f3lidos, este foi o primeiro leil\u00e3o que considerou esse tipo de combust\u00edvel. A energia ser\u00e1 fornecida por uma usina localizada na regi\u00e3o de Barueri (SP).<\/p>\n<p>Fonte: Aneel<\/p>\n","protected":false},"excerpt":{"rendered":"<p>A Ag\u00eancia Nacional de Energia El\u00e9trica (Aneel) e a C\u00e2mara de Comercializa\u00e7\u00e3o de Energia El\u00e9trica (CCEE) conclu\u00edram nesta quinta-feira (30) o Leil\u00e3o de Gera\u00e7\u00e3o n\u00b0&#8230;<\/p>\n","protected":false},"author":1527,"featured_media":4649,"comment_status":"closed","ping_status":"closed","sticky":false,"template":"","format":"standard","meta":{"footnotes":""},"categories":[6],"tags":[],"class_list":["post-35970","post","type-post","status-publish","format-standard","has-post-thumbnail","hentry","category-noticias"],"_links":{"self":[{"href":"https:\/\/www.sincomam.org.br\/index.php\/wp-json\/wp\/v2\/posts\/35970","targetHints":{"allow":["GET"]}}],"collection":[{"href":"https:\/\/www.sincomam.org.br\/index.php\/wp-json\/wp\/v2\/posts"}],"about":[{"href":"https:\/\/www.sincomam.org.br\/index.php\/wp-json\/wp\/v2\/types\/post"}],"author":[{"embeddable":true,"href":"https:\/\/www.sincomam.org.br\/index.php\/wp-json\/wp\/v2\/users\/1527"}],"replies":[{"embeddable":true,"href":"https:\/\/www.sincomam.org.br\/index.php\/wp-json\/wp\/v2\/comments?post=35970"}],"version-history":[{"count":1,"href":"https:\/\/www.sincomam.org.br\/index.php\/wp-json\/wp\/v2\/posts\/35970\/revisions"}],"predecessor-version":[{"id":35971,"href":"https:\/\/www.sincomam.org.br\/index.php\/wp-json\/wp\/v2\/posts\/35970\/revisions\/35971"}],"wp:featuredmedia":[{"embeddable":true,"href":"https:\/\/www.sincomam.org.br\/index.php\/wp-json\/wp\/v2\/media\/4649"}],"wp:attachment":[{"href":"https:\/\/www.sincomam.org.br\/index.php\/wp-json\/wp\/v2\/media?parent=35970"}],"wp:term":[{"taxonomy":"category","embeddable":true,"href":"https:\/\/www.sincomam.org.br\/index.php\/wp-json\/wp\/v2\/categories?post=35970"},{"taxonomy":"post_tag","embeddable":true,"href":"https:\/\/www.sincomam.org.br\/index.php\/wp-json\/wp\/v2\/tags?post=35970"}],"curies":[{"name":"wp","href":"https:\/\/api.w.org\/{rel}","templated":true}]}}