{"id":35952,"date":"2021-09-30T09:59:39","date_gmt":"2021-09-30T12:59:39","guid":{"rendered":"http:\/\/www.sincomam.org.br\/?p=35952"},"modified":"2021-09-30T09:59:39","modified_gmt":"2021-09-30T12:59:39","slug":"diretor-geral-da-antaq-fala-sobre-sustentabilidade-no-transporte-de-cargas-no-evento-brasil-export-2021","status":"publish","type":"post","link":"https:\/\/www.sincomam.org.br\/index.php\/diretor-geral-da-antaq-fala-sobre-sustentabilidade-no-transporte-de-cargas-no-evento-brasil-export-2021\/","title":{"rendered":"Diretor-geral da Antaq fala sobre sustentabilidade no transporte de cargas no evento Brasil Export 2021"},"content":{"rendered":"<p>Nesta quarta-feira (29), o diretor-geral da Ag\u00eancia Nacional de Transportes Aquavi\u00e1rios (Antaq), Eduardo Nery, participou do segundo e \u00faltimo dia do \u201cBrasil Export 2021 \u2013 F\u00f3rum Nacional de Log\u00edstica e Infraestrutura Portu\u00e1ria\u201d, que est\u00e1 sendo realizado em Bras\u00edlia (DF). Nery falou no painel sobre ESG &#8211; sustentabilidade e boas pr\u00e1ticas ambientais no transporte de cargas. Em portugu\u00eas, a sigla ESG (Environmental, Social e Corporate Governance) significa boas pr\u00e1ticas ambientais, sociais e de governan\u00e7a corporativa. Ser reconhecido por cuidar do meio ambiente, promover sustentabilidade e adotar uma conduta corporativa \u00e9tica tornou-se um padr\u00e3o a ser seguido no mundo corporativo e p\u00fablico. O tema engloba ainda pol\u00edticas de diversidade para o ambiente de trabalho e projetos para reduzir a desigualdade social.<\/p>\n<p>Ao falar sobre o compromisso da Ag\u00eancia na promo\u00e7\u00e3o dessas pr\u00e1ticas, o diretor-geral lembrou que a quest\u00e3o ganhou maior dimens\u00e3o nos \u00faltimos anos, passando o compromisso com os princ\u00edpios do ESG a ser uma quest\u00e3o relevante para as empresas. \u201cOs fundos de investimentos querem associar seus recursos \u00e0s empresas que tenham comprometimento com essas regras, as quais o setor portu\u00e1rio est\u00e1 muito inserido seja pela intera\u00e7\u00e3o com o meio ambiente ou pelo grande n\u00famero de trabalhadores que absorve. Existe tamb\u00e9m a necessidade de mostrar as mudan\u00e7as que o setor vem promovendo no seu perfil no campo da sustentabilidade\u201d.<\/p>\n<p>Nery manifestou que a Ag\u00eancia h\u00e1 muito tem se imbu\u00eddo em encorajar a ado\u00e7\u00e3o dessas pr\u00e1ticas de ESG mesmo antes delas se tornarem uma exig\u00eancia, inicialmente por meio do \u00cdndice de Desempenho Ambiental (IDA), que \u00e9 um selo de atendimento de conformidades ambientais concedido aos portos p\u00fablicos e terminais privados por seu desempenho no quesito de sustentabilidade. O diretor da Antaq lembrou ainda que neste ano, al\u00e9m do \u201cSelo IDA\u201d, a Ag\u00eancia vai entregar tamb\u00e9m o Pr\u00eamio ANTAQ 2021 para as empresas, p\u00fablicas e privadas, do setor aquavi\u00e1rio que mais se destacaram no fator de conformidade regulat\u00f3ria. \u201cCom isso, cada vez mais, a Ag\u00eancia vem incluindo dentro das suas a\u00e7\u00f5es e da sua regula\u00e7\u00e3o responsiva meios para incentivar o setor em rela\u00e7\u00e3o \u00e0s melhores pr\u00e1ticas de ESG\u201d, observou.<\/p>\n<p>Ainda sobre as a\u00e7\u00f5es de promo\u00e7\u00e3o de ESG no setor, o representante da Ag\u00eancia destacou as tr\u00eas edi\u00e7\u00f5es da campanha \u201cRio Limpo Amaz\u00f4nia Viva\u201d, destinada \u00e0 realiza\u00e7\u00e3o de atividades de educa\u00e7\u00e3o ambiental, envolvendo prefeituras, empres\u00e1rios e comunidades ribeirinhas na coleta seletiva em embarca\u00e7\u00f5es que navegam na Regi\u00e3o Amaz\u00f4nica; o estudo que pretende identificar como as amea\u00e7as clim\u00e1ticas impactam a opera\u00e7\u00e3o, a infra e a superestrutura dos portos brasileiros; participa\u00e7\u00f5es na Organiza\u00e7\u00e3o Mar\u00edtima Internacional (IMO) e acordos de coopera\u00e7\u00e3o com autoridades mar\u00edtimas da Dinamarca e da Noruega.<\/p>\n<p>Al\u00e9m disso, ele tamb\u00e9m destacou iniciativas de empresas e portos, como \u00e9 o caso da opera\u00e7\u00e3o de barca\u00e7as da Bertolini Navega\u00e7\u00e3o nos rios da Regi\u00e3o Amaz\u00f4nica e do pr\u00eamio de desempenho ambiental concedido pelo Porto do Itaqui, que, al\u00e9m de garantir um transporte de cargas mais eficiente, seguro e sustent\u00e1vel do ponto de vista ambiental, geram renda e empregos, com ganhos para toda sociedade. \u201cIniciativas como essas est\u00e3o sendo cada vez mais valorizadas pelo mercado, demonstrando que estamos no caminho certo na indu\u00e7\u00e3o de boas pr\u00e1ticas de ESG para o setor aquavi\u00e1rio\u201d, finalizou.<\/p>\n<p><strong>Opera\u00e7\u00f5es de Fiscaliza\u00e7\u00e3o<br \/>\n<\/strong>Al\u00e9m dessas a\u00e7\u00f5es, Nery mencionou que a institui\u00e7\u00e3o vem participando de uma s\u00e9rie de fiscaliza\u00e7\u00f5es, como foram as opera\u00e7\u00f5es Descarte e Rel\u00edqua, realizadas no in\u00edcio desta semana no Porto de Santos com o objetivo de vistoriar a movimenta\u00e7\u00e3o de produtos perigosos. A opera\u00e7\u00e3o, que tamb\u00e9m se estender\u00e1 para os portos de Aratu (BA), Pec\u00e9m (CE) e Suape (PE), envolveu institui\u00e7\u00f5es como o Ibama, Receita Federal, Anvisa, ANTT, Santos Port Authority, Capitania dos Portos, Corpo de Bombeiros e Ex\u00e9rcito Brasileiro.<\/p>\n<p>Fonte: Antaq<\/p>\n","protected":false},"excerpt":{"rendered":"<p>Nesta quarta-feira (29), o diretor-geral da Ag\u00eancia Nacional de Transportes Aquavi\u00e1rios (Antaq), Eduardo Nery, participou do segundo e \u00faltimo dia do \u201cBrasil Export 2021 \u2013&#8230;<\/p>\n","protected":false},"author":1527,"featured_media":20206,"comment_status":"closed","ping_status":"closed","sticky":false,"template":"","format":"standard","meta":{"footnotes":""},"categories":[6],"tags":[],"class_list":["post-35952","post","type-post","status-publish","format-standard","has-post-thumbnail","hentry","category-noticias"],"_links":{"self":[{"href":"https:\/\/www.sincomam.org.br\/index.php\/wp-json\/wp\/v2\/posts\/35952","targetHints":{"allow":["GET"]}}],"collection":[{"href":"https:\/\/www.sincomam.org.br\/index.php\/wp-json\/wp\/v2\/posts"}],"about":[{"href":"https:\/\/www.sincomam.org.br\/index.php\/wp-json\/wp\/v2\/types\/post"}],"author":[{"embeddable":true,"href":"https:\/\/www.sincomam.org.br\/index.php\/wp-json\/wp\/v2\/users\/1527"}],"replies":[{"embeddable":true,"href":"https:\/\/www.sincomam.org.br\/index.php\/wp-json\/wp\/v2\/comments?post=35952"}],"version-history":[{"count":1,"href":"https:\/\/www.sincomam.org.br\/index.php\/wp-json\/wp\/v2\/posts\/35952\/revisions"}],"predecessor-version":[{"id":35953,"href":"https:\/\/www.sincomam.org.br\/index.php\/wp-json\/wp\/v2\/posts\/35952\/revisions\/35953"}],"wp:featuredmedia":[{"embeddable":true,"href":"https:\/\/www.sincomam.org.br\/index.php\/wp-json\/wp\/v2\/media\/20206"}],"wp:attachment":[{"href":"https:\/\/www.sincomam.org.br\/index.php\/wp-json\/wp\/v2\/media?parent=35952"}],"wp:term":[{"taxonomy":"category","embeddable":true,"href":"https:\/\/www.sincomam.org.br\/index.php\/wp-json\/wp\/v2\/categories?post=35952"},{"taxonomy":"post_tag","embeddable":true,"href":"https:\/\/www.sincomam.org.br\/index.php\/wp-json\/wp\/v2\/tags?post=35952"}],"curies":[{"name":"wp","href":"https:\/\/api.w.org\/{rel}","templated":true}]}}