{"id":3595,"date":"2014-02-13T09:23:45","date_gmt":"2014-02-13T11:23:45","guid":{"rendered":"http:\/\/www.sincomam.org.br\/?p=3595"},"modified":"2014-02-13T09:23:45","modified_gmt":"2014-02-13T11:23:45","slug":"embraport-reforca-cabotagem-entre-ne-e-buenos-aires","status":"publish","type":"post","link":"https:\/\/www.sincomam.org.br\/index.php\/embraport-reforca-cabotagem-entre-ne-e-buenos-aires\/","title":{"rendered":"Embraport refor\u00e7a cabotagem entre NE e Buenos Aires"},"content":{"rendered":"<p>A Embraport ser\u00e1 o terminal do Porto de Santos que vai receber os navios da Log-In que realizam a rota de cabotagem entre Fortaleza, na Regi\u00e3o Nordeste, e Buenos Aires, na Argentina. Ser\u00e3o quatro navios que far\u00e3o escala na Embraport duas vezes por semana, com capacidade de 2.800 TEUs &#8211; unidade equivalente a um cont\u00eainer de 20 p\u00e9s. A primeira escala ocorrer\u00e1 no dia 5 de mar\u00e7o, quando o navio Frisia Wismar atracar no terminal.<\/p>\n<p>Atualmente a cabotagem, que \u00e9 a navega\u00e7\u00e3o entre portos de um mesmo pa\u00eds, \u00e9 respons\u00e1vel por 11% do volume movimentado no terminal da Embraport, acima dos 9% apurados para todo o Porto de Santos, informou, em nota, o diretor Comercial da empresa, Michael Martins da Silva. O terminal j\u00e1 conta com uma linha de cabotagem de escala semanal, al\u00e9m de duas escalas semanais de longo curso para o extremo oriente e uma escala por semana da rota da CMA-CGM entre a costa leste da Am\u00e9rica do Sul e o norte da Am\u00e9rica do Sul e Am\u00e9rica Central.<\/p>\n<p>A nova rota de cabotagem prev\u00ea escala em Suape (PE), Salvador, Vit\u00f3ria, Itagua\u00ed (RJ), Santos, S\u00e3o Francisco do Sul (SC), Rio Grande (RS) e Montevid\u00e9u, no Uruguai, al\u00e9m da capital argentina.<\/p>\n<p>A Embraport come\u00e7ou a operar na margem esquerda do Porto de Santos no segundo semestre de 2013. De acordo com a nota da assessoria de imprensa, a companhia espera movimentar neste ano 700 mil TEUs no terminal, montante que representa 60% de sua capacidade atual de 1,2 milh\u00e3o de TEUs.<\/p>\n<p>Fonte: Agencia Estado<\/p>\n","protected":false},"excerpt":{"rendered":"<p>A Embraport ser\u00e1 o terminal do Porto de Santos que vai receber os navios da Log-In que realizam a rota de cabotagem entre Fortaleza, na&#8230;<\/p>\n","protected":false},"author":1182,"featured_media":3597,"comment_status":"closed","ping_status":"closed","sticky":false,"template":"","format":"standard","meta":{"footnotes":""},"categories":[6],"tags":[436,82,435],"class_list":["post-3595","post","type-post","status-publish","format-standard","has-post-thumbnail","hentry","category-noticias","tag-buenos-aires","tag-cabotagem","tag-porto-de-santos"],"_links":{"self":[{"href":"https:\/\/www.sincomam.org.br\/index.php\/wp-json\/wp\/v2\/posts\/3595","targetHints":{"allow":["GET"]}}],"collection":[{"href":"https:\/\/www.sincomam.org.br\/index.php\/wp-json\/wp\/v2\/posts"}],"about":[{"href":"https:\/\/www.sincomam.org.br\/index.php\/wp-json\/wp\/v2\/types\/post"}],"author":[{"embeddable":true,"href":"https:\/\/www.sincomam.org.br\/index.php\/wp-json\/wp\/v2\/users\/1182"}],"replies":[{"embeddable":true,"href":"https:\/\/www.sincomam.org.br\/index.php\/wp-json\/wp\/v2\/comments?post=3595"}],"version-history":[{"count":1,"href":"https:\/\/www.sincomam.org.br\/index.php\/wp-json\/wp\/v2\/posts\/3595\/revisions"}],"predecessor-version":[{"id":3598,"href":"https:\/\/www.sincomam.org.br\/index.php\/wp-json\/wp\/v2\/posts\/3595\/revisions\/3598"}],"wp:featuredmedia":[{"embeddable":true,"href":"https:\/\/www.sincomam.org.br\/index.php\/wp-json\/wp\/v2\/media\/3597"}],"wp:attachment":[{"href":"https:\/\/www.sincomam.org.br\/index.php\/wp-json\/wp\/v2\/media?parent=3595"}],"wp:term":[{"taxonomy":"category","embeddable":true,"href":"https:\/\/www.sincomam.org.br\/index.php\/wp-json\/wp\/v2\/categories?post=3595"},{"taxonomy":"post_tag","embeddable":true,"href":"https:\/\/www.sincomam.org.br\/index.php\/wp-json\/wp\/v2\/tags?post=3595"}],"curies":[{"name":"wp","href":"https:\/\/api.w.org\/{rel}","templated":true}]}}