{"id":35945,"date":"2021-09-29T09:04:25","date_gmt":"2021-09-29T12:04:25","guid":{"rendered":"http:\/\/www.sincomam.org.br\/?p=35945"},"modified":"2021-09-29T09:04:25","modified_gmt":"2021-09-29T12:04:25","slug":"marinha-apreende-embarcacao-de-carga-que-navegava-com-documentacao-falsa-no-litoral-do-amapa","status":"publish","type":"post","link":"https:\/\/www.sincomam.org.br\/index.php\/marinha-apreende-embarcacao-de-carga-que-navegava-com-documentacao-falsa-no-litoral-do-amapa\/","title":{"rendered":"Marinha apreende embarca\u00e7\u00e3o de carga que navegava com documenta\u00e7\u00e3o falsa no litoral do Amap\u00e1"},"content":{"rendered":"<p>O Navio-Patrulha (NPa) \u201cGuanabara\u201d, subordinado ao Comando do Grupamento de Patrulha Naval do Norte, apreendeu, no dia 21 de setembro, a embarca\u00e7\u00e3o de carga \u201cMaya II\u201d, de bandeira brasileira. A a\u00e7\u00e3o ocorreu durante patrulha naval no litoral do Estado do Amap\u00e1, em coordena\u00e7\u00e3o com o Comando do 4\u00ba Distrito Naval, em Bel\u00e9m (PA), e o Centro Integrado de Seguran\u00e7a Mar\u00edtima, no Rio de Janeiro (RJ).<\/p>\n<p>A embarca\u00e7\u00e3o estava sem carga e sendo conduzida por cinco tripulantes, todos sem Caderneta de Inscri\u00e7\u00e3o e Registro (CIR). Foi apresentada, pelo Comandante do navio, uma c\u00f3pia de T\u00edtulo de Inscri\u00e7\u00e3o de Embarca\u00e7\u00e3o (TIE), no qual constava n\u00famero de inscri\u00e7\u00e3o n\u00e3o localizado nos registros oficiais da Marinha. O barco foi escoltado at\u00e9 o munic\u00edpio de Santana (AP) e apresentado \u00e0 Capitania dos Portos do Amap\u00e1 e demais \u00f3rg\u00e3os competentes, sendo realizada inspe\u00e7\u00e3o com c\u00e3es farejadores do Batalh\u00e3o de Opera\u00e7\u00f5es Policiais Especiais da Pol\u00edcia Militar do Amap\u00e1 a fim de detectar qualquer evid\u00eancia de il\u00edcitos, verifica\u00e7\u00e3o legal dos tripulantes junto \u00e0 Pol\u00edcia Federal e medidas administrativas quanto \u00e0 apreens\u00e3o da embarca\u00e7\u00e3o e notifica\u00e7\u00e3o do comandante pela Capitania.<\/p>\n<p>Fonte: Centro de Comunica\u00e7\u00e3o Social da Marinha<\/p>\n","protected":false},"excerpt":{"rendered":"<p>O Navio-Patrulha (NPa) \u201cGuanabara\u201d, subordinado ao Comando do Grupamento de Patrulha Naval do Norte, apreendeu, no dia 21 de setembro, a embarca\u00e7\u00e3o de carga \u201cMaya&#8230;<\/p>\n","protected":false},"author":1527,"featured_media":9778,"comment_status":"closed","ping_status":"closed","sticky":false,"template":"","format":"standard","meta":{"footnotes":""},"categories":[6],"tags":[],"class_list":["post-35945","post","type-post","status-publish","format-standard","has-post-thumbnail","hentry","category-noticias"],"_links":{"self":[{"href":"https:\/\/www.sincomam.org.br\/index.php\/wp-json\/wp\/v2\/posts\/35945","targetHints":{"allow":["GET"]}}],"collection":[{"href":"https:\/\/www.sincomam.org.br\/index.php\/wp-json\/wp\/v2\/posts"}],"about":[{"href":"https:\/\/www.sincomam.org.br\/index.php\/wp-json\/wp\/v2\/types\/post"}],"author":[{"embeddable":true,"href":"https:\/\/www.sincomam.org.br\/index.php\/wp-json\/wp\/v2\/users\/1527"}],"replies":[{"embeddable":true,"href":"https:\/\/www.sincomam.org.br\/index.php\/wp-json\/wp\/v2\/comments?post=35945"}],"version-history":[{"count":1,"href":"https:\/\/www.sincomam.org.br\/index.php\/wp-json\/wp\/v2\/posts\/35945\/revisions"}],"predecessor-version":[{"id":35946,"href":"https:\/\/www.sincomam.org.br\/index.php\/wp-json\/wp\/v2\/posts\/35945\/revisions\/35946"}],"wp:featuredmedia":[{"embeddable":true,"href":"https:\/\/www.sincomam.org.br\/index.php\/wp-json\/wp\/v2\/media\/9778"}],"wp:attachment":[{"href":"https:\/\/www.sincomam.org.br\/index.php\/wp-json\/wp\/v2\/media?parent=35945"}],"wp:term":[{"taxonomy":"category","embeddable":true,"href":"https:\/\/www.sincomam.org.br\/index.php\/wp-json\/wp\/v2\/categories?post=35945"},{"taxonomy":"post_tag","embeddable":true,"href":"https:\/\/www.sincomam.org.br\/index.php\/wp-json\/wp\/v2\/tags?post=35945"}],"curies":[{"name":"wp","href":"https:\/\/api.w.org\/{rel}","templated":true}]}}